{"id":1165,"date":"2021-11-23T19:06:54","date_gmt":"2021-11-23T19:06:54","guid":{"rendered":"https:\/\/ourdataindigenous.ca\/les-travaux-dun-chercheur-recompenses-par-un-prix-national-de-linnovation\/"},"modified":"2021-11-23T19:06:54","modified_gmt":"2021-11-23T19:06:54","slug":"les-travaux-dun-chercheur-recompenses-par-un-prix-national-de-linnovation","status":"publish","type":"post","link":"https:\/\/ourdataindigenous.ca\/fr\/les-travaux-dun-chercheur-recompenses-par-un-prix-national-de-linnovation\/","title":{"rendered":"Les travaux d&rsquo;un chercheur r\u00e9compens\u00e9s par un prix national de l&rsquo;innovation"},"content":{"rendered":"<p><em>23 novembre 2021, Yahoo News<\/em><\/p>\n<hr>\n<h5>Le Dr Moneca Sinclaire se sent reconnaissant ces jours-ci.<\/h5>\n<h5>Mme Sinclaire, chercheuse postdoctorale en sant\u00e9 au d\u00e9partement d&rsquo;environnement et de g\u00e9ographie de l&rsquo;universit\u00e9 du Manitoba, a fait partie d&rsquo;une \u00e9quipe qui a d\u00e9velopp\u00e9 et mis en place une application mobile pour sonder les communaut\u00e9s indig\u00e8nes sur leurs pr\u00e9occupations en mati\u00e8re de sant\u00e9 et de bien-\u00eatre.<\/h5>\n<p>Mitacs, une organisation nationale d&rsquo;innovation qui \u00ab\u00a0favorise la croissance en r\u00e9solvant des d\u00e9fis commerciaux gr\u00e2ce \u00e0 des solutions de recherche provenant d&rsquo;\u00e9tablissements universitaires\u00a0\u00bb, a reconnu l&rsquo;impact du travail de Mme Sinclaire et l&rsquo;a nomm\u00e9e laur\u00e9ate 2021 du prix Mitacs pour l&rsquo;innovation exceptionnelle &#8211; autochtone.<\/p>\n<p>\u00ab\u00a0Je suis ravi que le projet ait obtenu l&rsquo;adresse [recognized by the award]\u00a0\u00bb, a d\u00e9clar\u00e9 M. Sinclaire lors d&rsquo;un entretien avec Windspeaker.com. \u00ab\u00a0Pour moi, il s&rsquo;agit d&rsquo;un projet innovant qui n&rsquo;existe nulle part ailleurs \u00e0 l&rsquo;heure actuelle.<\/p>\n<p>Sinclaire sera c\u00e9l\u00e9br\u00e9 au Centre national des Arts d&rsquo;Ottawa ce soir, le 23 novembre, \u00e0 18 h 30 (heure de l&rsquo;Est).<\/p>\n<p>Sinclaire est membre de la nation crie d&rsquo;Opaskwayak (Man.). Elle a commenc\u00e9 \u00e0 travailler sur le projet un an apr\u00e8s son \u00e9laboration. Elle s&rsquo;est associ\u00e9e au designer ind\u00e9pendant Craig Dietrich, au Dr Shanna Lorenz et \u00e0 l&rsquo;Integral Ecology Group.<\/p>\n<p>Le r\u00f4le de Sinclaire dans le projet en tant que coordinatrice de la sensibilisation l&rsquo;am\u00e8ne \u00e0 rencontrer les chefs et les conseils pour leur expliquer les capacit\u00e9s et l&rsquo;utilisation de l&rsquo;application. \u00c0 l&rsquo;origine, il s&rsquo;agissait d&rsquo;un questionnaire COVID-19, mais l&rsquo;int\u00e9r\u00eat pour une utilisation \u00e9largie de l&rsquo;application s&rsquo;est rapidement manifest\u00e9. La principale revendication de ses utilisateurs \u00e9tait de pouvoir poss\u00e9der et contr\u00f4ler leurs propres donn\u00e9es.<\/p>\n<p style=\"text-align: center;\"><a class=\"gdlr-core-button gdlr-core-button-shortcode  gdlr-core-button-gradient gdlr-core-button-no-border\" href=\"https:\/\/ca.news.yahoo.com\/researcher-celebrated-national-innovation-award-191925071.html?guccounter=1\" target=\"_blank\"  style=\"margin-right: 20px;\"  ><span class=\"gdlr-core-content\"  >Read More<\/span><\/a><\/p>\n","protected":false},"excerpt":{"rendered":"<p>23 novembre 2021, Yahoo News Le Dr Moneca Sinclaire se sent reconnaissant ces jours-ci. Mme Sinclaire, chercheuse postdoctorale en sant\u00e9 [&hellip;]<\/p>\n","protected":false},"author":2,"featured_media":1032,"comment_status":"open","ping_status":"open","sticky":false,"template":"","format":"standard","meta":{"om_disable_all_campaigns":false,"_monsterinsights_skip_tracking":false,"_monsterinsights_sitenote_active":false,"_monsterinsights_sitenote_note":"","_monsterinsights_sitenote_category":0,"footnotes":""},"categories":[25],"tags":[],"class_list":["post-1165","post","type-post","status-publish","format-standard","has-post-thumbnail","hentry","category-dans-les-medias-fr"],"yoast_head":"<!-- This site is optimized with the Yoast SEO plugin v26.8 - https:\/\/yoast.com\/product\/yoast-seo-wordpress\/ -->\n<title>Les travaux d&#039;un chercheur r\u00e9compens\u00e9s par un prix national de l&#039;innovation - Our Data Indigenous<\/title>\n<meta name=\"robots\" content=\"index, follow, max-snippet:-1, max-image-preview:large, max-video-preview:-1\" \/>\n<link rel=\"canonical\" href=\"https:\/\/ourdataindigenous.ca\/fr\/les-travaux-dun-chercheur-recompenses-par-un-prix-national-de-linnovation\/\" \/>\n<meta property=\"og:locale\" content=\"fr_FR\" \/>\n<meta property=\"og:type\" content=\"article\" \/>\n<meta property=\"og:title\" content=\"Les travaux d&#039;un chercheur r\u00e9compens\u00e9s par un prix national de l&#039;innovation - Our Data Indigenous\" \/>\n<meta property=\"og:description\" content=\"23 novembre 2021, Yahoo News Le Dr Moneca Sinclaire se sent reconnaissant ces jours-ci. Mme Sinclaire, chercheuse postdoctorale en sant\u00e9 [&hellip;]\" \/>\n<meta property=\"og:url\" content=\"https:\/\/ourdataindigenous.ca\/fr\/les-travaux-dun-chercheur-recompenses-par-un-prix-national-de-linnovation\/\" \/>\n<meta property=\"og:site_name\" content=\"Our Data Indigenous\" \/>\n<meta property=\"article:published_time\" content=\"2021-11-23T19:06:54+00:00\" \/>\n<meta property=\"og:image\" content=\"https:\/\/ourdataindigenous.ca\/wp-content\/uploads\/2021\/12\/yahoo_news.jpg\" \/>\n\t<meta property=\"og:image:width\" content=\"667\" \/>\n\t<meta property=\"og:image:height\" content=\"200\" \/>\n\t<meta property=\"og:image:type\" content=\"image\/jpeg\" \/>\n<meta name=\"author\" content=\"kellyjanz\" \/>\n<meta name=\"twitter:card\" content=\"summary_large_image\" \/>\n<meta name=\"twitter:label1\" content=\"\u00c9crit par\" \/>\n\t<meta name=\"twitter:data1\" content=\"kellyjanz\" \/>\n\t<meta name=\"twitter:label2\" content=\"Dur\u00e9e de lecture estim\u00e9e\" \/>\n\t<meta name=\"twitter:data2\" content=\"2 minutes\" \/>\n<script type=\"application\/ld+json\" class=\"yoast-schema-graph\">{\"@context\":\"https:\/\/schema.org\",\"@graph\":[{\"@type\":\"Article\",\"@id\":\"https:\/\/ourdataindigenous.ca\/fr\/les-travaux-dun-chercheur-recompenses-par-un-prix-national-de-linnovation\/#article\",\"isPartOf\":{\"@id\":\"https:\/\/ourdataindigenous.ca\/fr\/les-travaux-dun-chercheur-recompenses-par-un-prix-national-de-linnovation\/\"},\"author\":{\"name\":\"kellyjanz\",\"@id\":\"https:\/\/ourdataindigenous.ca\/fr\/#\/schema\/person\/e3538dfe4d7950519b6d2fd121a3c8e2\"},\"headline\":\"Les travaux d&rsquo;un chercheur r\u00e9compens\u00e9s par un prix national de l&rsquo;innovation\",\"datePublished\":\"2021-11-23T19:06:54+00:00\",\"mainEntityOfPage\":{\"@id\":\"https:\/\/ourdataindigenous.ca\/fr\/les-travaux-dun-chercheur-recompenses-par-un-prix-national-de-linnovation\/\"},\"wordCount\":342,\"commentCount\":0,\"image\":{\"@id\":\"https:\/\/ourdataindigenous.ca\/fr\/les-travaux-dun-chercheur-recompenses-par-un-prix-national-de-linnovation\/#primaryimage\"},\"thumbnailUrl\":\"https:\/\/ourdataindigenous.ca\/wp-content\/uploads\/2021\/12\/yahoo_news.jpg\",\"articleSection\":[\"Dans les m\u00e9dias\"],\"inLanguage\":\"fr-FR\",\"potentialAction\":[{\"@type\":\"CommentAction\",\"name\":\"Comment\",\"target\":[\"https:\/\/ourdataindigenous.ca\/fr\/les-travaux-dun-chercheur-recompenses-par-un-prix-national-de-linnovation\/#respond\"]}]},{\"@type\":\"WebPage\",\"@id\":\"https:\/\/ourdataindigenous.ca\/fr\/les-travaux-dun-chercheur-recompenses-par-un-prix-national-de-linnovation\/\",\"url\":\"https:\/\/ourdataindigenous.ca\/fr\/les-travaux-dun-chercheur-recompenses-par-un-prix-national-de-linnovation\/\",\"name\":\"Les travaux d'un chercheur r\u00e9compens\u00e9s par un prix national de l'innovation - Our Data Indigenous\",\"isPartOf\":{\"@id\":\"https:\/\/ourdataindigenous.ca\/fr\/#website\"},\"primaryImageOfPage\":{\"@id\":\"https:\/\/ourdataindigenous.ca\/fr\/les-travaux-dun-chercheur-recompenses-par-un-prix-national-de-linnovation\/#primaryimage\"},\"image\":{\"@id\":\"https:\/\/ourdataindigenous.ca\/fr\/les-travaux-dun-chercheur-recompenses-par-un-prix-national-de-linnovation\/#primaryimage\"},\"thumbnailUrl\":\"https:\/\/ourdataindigenous.ca\/wp-content\/uploads\/2021\/12\/yahoo_news.jpg\",\"datePublished\":\"2021-11-23T19:06:54+00:00\",\"author\":{\"@id\":\"https:\/\/ourdataindigenous.ca\/fr\/#\/schema\/person\/e3538dfe4d7950519b6d2fd121a3c8e2\"},\"breadcrumb\":{\"@id\":\"https:\/\/ourdataindigenous.ca\/fr\/les-travaux-dun-chercheur-recompenses-par-un-prix-national-de-linnovation\/#breadcrumb\"},\"inLanguage\":\"fr-FR\",\"potentialAction\":[{\"@type\":\"ReadAction\",\"target\":[\"https:\/\/ourdataindigenous.ca\/fr\/les-travaux-dun-chercheur-recompenses-par-un-prix-national-de-linnovation\/\"]}]},{\"@type\":\"ImageObject\",\"inLanguage\":\"fr-FR\",\"@id\":\"https:\/\/ourdataindigenous.ca\/fr\/les-travaux-dun-chercheur-recompenses-par-un-prix-national-de-linnovation\/#primaryimage\",\"url\":\"https:\/\/ourdataindigenous.ca\/wp-content\/uploads\/2021\/12\/yahoo_news.jpg\",\"contentUrl\":\"https:\/\/ourdataindigenous.ca\/wp-content\/uploads\/2021\/12\/yahoo_news.jpg\",\"width\":667,\"height\":200},{\"@type\":\"BreadcrumbList\",\"@id\":\"https:\/\/ourdataindigenous.ca\/fr\/les-travaux-dun-chercheur-recompenses-par-un-prix-national-de-linnovation\/#breadcrumb\",\"itemListElement\":[{\"@type\":\"ListItem\",\"position\":1,\"name\":\"Home\",\"item\":\"https:\/\/ourdataindigenous.ca\/fr\/accueil\/\"},{\"@type\":\"ListItem\",\"position\":2,\"name\":\"Les travaux d&#8217;un chercheur r\u00e9compens\u00e9s par un prix national de l&#8217;innovation\"}]},{\"@type\":\"WebSite\",\"@id\":\"https:\/\/ourdataindigenous.ca\/fr\/#website\",\"url\":\"https:\/\/ourdataindigenous.ca\/fr\/\",\"name\":\"Our Data Indigenous\",\"description\":\"Data Sovereignty at Your Fingertips\",\"potentialAction\":[{\"@type\":\"SearchAction\",\"target\":{\"@type\":\"EntryPoint\",\"urlTemplate\":\"https:\/\/ourdataindigenous.ca\/fr\/?s={search_term_string}\"},\"query-input\":{\"@type\":\"PropertyValueSpecification\",\"valueRequired\":true,\"valueName\":\"search_term_string\"}}],\"inLanguage\":\"fr-FR\"},{\"@type\":\"Person\",\"@id\":\"https:\/\/ourdataindigenous.ca\/fr\/#\/schema\/person\/e3538dfe4d7950519b6d2fd121a3c8e2\",\"name\":\"kellyjanz\",\"image\":{\"@type\":\"ImageObject\",\"inLanguage\":\"fr-FR\",\"@id\":\"https:\/\/ourdataindigenous.ca\/fr\/#\/schema\/person\/image\/\",\"url\":\"https:\/\/secure.gravatar.com\/avatar\/02823cf75257ce8682d485bcbf533bb2ed3c4a25e8855104094b57b21757dd0c?s=96&d=mm&r=g\",\"contentUrl\":\"https:\/\/secure.gravatar.com\/avatar\/02823cf75257ce8682d485bcbf533bb2ed3c4a25e8855104094b57b21757dd0c?s=96&d=mm&r=g\",\"caption\":\"kellyjanz\"},\"url\":\"https:\/\/ourdataindigenous.ca\/fr\/author\/kellyjanz\/\"}]}<\/script>\n<!-- \/ Yoast SEO plugin. -->","yoast_head_json":{"title":"Les travaux d'un chercheur r\u00e9compens\u00e9s par un prix national de l'innovation - Our Data Indigenous","robots":{"index":"index","follow":"follow","max-snippet":"max-snippet:-1","max-image-preview":"max-image-preview:large","max-video-preview":"max-video-preview:-1"},"canonical":"https:\/\/ourdataindigenous.ca\/fr\/les-travaux-dun-chercheur-recompenses-par-un-prix-national-de-linnovation\/","og_locale":"fr_FR","og_type":"article","og_title":"Les travaux d'un chercheur r\u00e9compens\u00e9s par un prix national de l'innovation - Our Data Indigenous","og_description":"23 novembre 2021, Yahoo News Le Dr Moneca Sinclaire se sent reconnaissant ces jours-ci. Mme Sinclaire, chercheuse postdoctorale en sant\u00e9 [&hellip;]","og_url":"https:\/\/ourdataindigenous.ca\/fr\/les-travaux-dun-chercheur-recompenses-par-un-prix-national-de-linnovation\/","og_site_name":"Our Data Indigenous","article_published_time":"2021-11-23T19:06:54+00:00","og_image":[{"width":667,"height":200,"url":"https:\/\/ourdataindigenous.ca\/wp-content\/uploads\/2021\/12\/yahoo_news.jpg","type":"image\/jpeg"}],"author":"kellyjanz","twitter_card":"summary_large_image","twitter_misc":{"\u00c9crit par":"kellyjanz","Dur\u00e9e de lecture estim\u00e9e":"2 minutes"},"schema":{"@context":"https:\/\/schema.org","@graph":[{"@type":"Article","@id":"https:\/\/ourdataindigenous.ca\/fr\/les-travaux-dun-chercheur-recompenses-par-un-prix-national-de-linnovation\/#article","isPartOf":{"@id":"https:\/\/ourdataindigenous.ca\/fr\/les-travaux-dun-chercheur-recompenses-par-un-prix-national-de-linnovation\/"},"author":{"name":"kellyjanz","@id":"https:\/\/ourdataindigenous.ca\/fr\/#\/schema\/person\/e3538dfe4d7950519b6d2fd121a3c8e2"},"headline":"Les travaux d&rsquo;un chercheur r\u00e9compens\u00e9s par un prix national de l&rsquo;innovation","datePublished":"2021-11-23T19:06:54+00:00","mainEntityOfPage":{"@id":"https:\/\/ourdataindigenous.ca\/fr\/les-travaux-dun-chercheur-recompenses-par-un-prix-national-de-linnovation\/"},"wordCount":342,"commentCount":0,"image":{"@id":"https:\/\/ourdataindigenous.ca\/fr\/les-travaux-dun-chercheur-recompenses-par-un-prix-national-de-linnovation\/#primaryimage"},"thumbnailUrl":"https:\/\/ourdataindigenous.ca\/wp-content\/uploads\/2021\/12\/yahoo_news.jpg","articleSection":["Dans les m\u00e9dias"],"inLanguage":"fr-FR","potentialAction":[{"@type":"CommentAction","name":"Comment","target":["https:\/\/ourdataindigenous.ca\/fr\/les-travaux-dun-chercheur-recompenses-par-un-prix-national-de-linnovation\/#respond"]}]},{"@type":"WebPage","@id":"https:\/\/ourdataindigenous.ca\/fr\/les-travaux-dun-chercheur-recompenses-par-un-prix-national-de-linnovation\/","url":"https:\/\/ourdataindigenous.ca\/fr\/les-travaux-dun-chercheur-recompenses-par-un-prix-national-de-linnovation\/","name":"Les travaux d'un chercheur r\u00e9compens\u00e9s par un prix national de l'innovation - Our Data Indigenous","isPartOf":{"@id":"https:\/\/ourdataindigenous.ca\/fr\/#website"},"primaryImageOfPage":{"@id":"https:\/\/ourdataindigenous.ca\/fr\/les-travaux-dun-chercheur-recompenses-par-un-prix-national-de-linnovation\/#primaryimage"},"image":{"@id":"https:\/\/ourdataindigenous.ca\/fr\/les-travaux-dun-chercheur-recompenses-par-un-prix-national-de-linnovation\/#primaryimage"},"thumbnailUrl":"https:\/\/ourdataindigenous.ca\/wp-content\/uploads\/2021\/12\/yahoo_news.jpg","datePublished":"2021-11-23T19:06:54+00:00","author":{"@id":"https:\/\/ourdataindigenous.ca\/fr\/#\/schema\/person\/e3538dfe4d7950519b6d2fd121a3c8e2"},"breadcrumb":{"@id":"https:\/\/ourdataindigenous.ca\/fr\/les-travaux-dun-chercheur-recompenses-par-un-prix-national-de-linnovation\/#breadcrumb"},"inLanguage":"fr-FR","potentialAction":[{"@type":"ReadAction","target":["https:\/\/ourdataindigenous.ca\/fr\/les-travaux-dun-chercheur-recompenses-par-un-prix-national-de-linnovation\/"]}]},{"@type":"ImageObject","inLanguage":"fr-FR","@id":"https:\/\/ourdataindigenous.ca\/fr\/les-travaux-dun-chercheur-recompenses-par-un-prix-national-de-linnovation\/#primaryimage","url":"https:\/\/ourdataindigenous.ca\/wp-content\/uploads\/2021\/12\/yahoo_news.jpg","contentUrl":"https:\/\/ourdataindigenous.ca\/wp-content\/uploads\/2021\/12\/yahoo_news.jpg","width":667,"height":200},{"@type":"BreadcrumbList","@id":"https:\/\/ourdataindigenous.ca\/fr\/les-travaux-dun-chercheur-recompenses-par-un-prix-national-de-linnovation\/#breadcrumb","itemListElement":[{"@type":"ListItem","position":1,"name":"Home","item":"https:\/\/ourdataindigenous.ca\/fr\/accueil\/"},{"@type":"ListItem","position":2,"name":"Les travaux d&#8217;un chercheur r\u00e9compens\u00e9s par un prix national de l&#8217;innovation"}]},{"@type":"WebSite","@id":"https:\/\/ourdataindigenous.ca\/fr\/#website","url":"https:\/\/ourdataindigenous.ca\/fr\/","name":"Our Data Indigenous","description":"Data Sovereignty at Your Fingertips","potentialAction":[{"@type":"SearchAction","target":{"@type":"EntryPoint","urlTemplate":"https:\/\/ourdataindigenous.ca\/fr\/?s={search_term_string}"},"query-input":{"@type":"PropertyValueSpecification","valueRequired":true,"valueName":"search_term_string"}}],"inLanguage":"fr-FR"},{"@type":"Person","@id":"https:\/\/ourdataindigenous.ca\/fr\/#\/schema\/person\/e3538dfe4d7950519b6d2fd121a3c8e2","name":"kellyjanz","image":{"@type":"ImageObject","inLanguage":"fr-FR","@id":"https:\/\/ourdataindigenous.ca\/fr\/#\/schema\/person\/image\/","url":"https:\/\/secure.gravatar.com\/avatar\/02823cf75257ce8682d485bcbf533bb2ed3c4a25e8855104094b57b21757dd0c?s=96&d=mm&r=g","contentUrl":"https:\/\/secure.gravatar.com\/avatar\/02823cf75257ce8682d485bcbf533bb2ed3c4a25e8855104094b57b21757dd0c?s=96&d=mm&r=g","caption":"kellyjanz"},"url":"https:\/\/ourdataindigenous.ca\/fr\/author\/kellyjanz\/"}]}},"_links":{"self":[{"href":"https:\/\/ourdataindigenous.ca\/fr\/wp-json\/wp\/v2\/posts\/1165","targetHints":{"allow":["GET"]}}],"collection":[{"href":"https:\/\/ourdataindigenous.ca\/fr\/wp-json\/wp\/v2\/posts"}],"about":[{"href":"https:\/\/ourdataindigenous.ca\/fr\/wp-json\/wp\/v2\/types\/post"}],"author":[{"embeddable":true,"href":"https:\/\/ourdataindigenous.ca\/fr\/wp-json\/wp\/v2\/users\/2"}],"replies":[{"embeddable":true,"href":"https:\/\/ourdataindigenous.ca\/fr\/wp-json\/wp\/v2\/comments?post=1165"}],"version-history":[{"count":0,"href":"https:\/\/ourdataindigenous.ca\/fr\/wp-json\/wp\/v2\/posts\/1165\/revisions"}],"wp:featuredmedia":[{"embeddable":true,"href":"https:\/\/ourdataindigenous.ca\/fr\/wp-json\/wp\/v2\/media\/1032"}],"wp:attachment":[{"href":"https:\/\/ourdataindigenous.ca\/fr\/wp-json\/wp\/v2\/media?parent=1165"}],"wp:term":[{"taxonomy":"category","embeddable":true,"href":"https:\/\/ourdataindigenous.ca\/fr\/wp-json\/wp\/v2\/categories?post=1165"},{"taxonomy":"post_tag","embeddable":true,"href":"https:\/\/ourdataindigenous.ca\/fr\/wp-json\/wp\/v2\/tags?post=1165"}],"curies":[{"name":"wp","href":"https:\/\/api.w.org\/{rel}","templated":true}]}}