{"id":1164,"date":"2021-02-11T19:04:36","date_gmt":"2021-02-11T19:04:36","guid":{"rendered":"https:\/\/ourdataindigenous.ca\/une-nouvelle-application-creee-au-manitoba-documente-les-cas-de-covid-19-dans-les-communautes-autochtones\/"},"modified":"2021-02-11T19:04:36","modified_gmt":"2021-02-11T19:04:36","slug":"une-nouvelle-application-creee-au-manitoba-documente-les-cas-de-covid-19-dans-les-communautes-autochtones","status":"publish","type":"post","link":"https:\/\/ourdataindigenous.ca\/fr\/une-nouvelle-application-creee-au-manitoba-documente-les-cas-de-covid-19-dans-les-communautes-autochtones\/","title":{"rendered":"Une nouvelle application cr\u00e9\u00e9e au Manitoba documente les cas de COVID-19 dans les communaut\u00e9s autochtones"},"content":{"rendered":"<p><em>Publi\u00e9 le jeudi 11 f\u00e9vrier 2021 18:58PM CST<\/em><\/p>\n<hr>\n<h5><strong>WINNIPEG &#8212;<\/strong> Des chercheurs du Manitoba ont mis au point une nouvelle application COVID-19 qui serait la premi\u00e8re du genre.<\/h5>\n<p>L&rsquo;application, appel\u00e9e COVID-19 Indigenous, a \u00e9t\u00e9 cr\u00e9\u00e9e \u00e0 l&rsquo;universit\u00e9 du Manitoba en partenariat avec des dirigeants autochtones. Il a \u00e9t\u00e9 con\u00e7u pour soutenir la r\u00e9ponse du COVID-19 dans les communaut\u00e9s indig\u00e8nes.<\/p>\n<p>\u00ab\u00a0Elle permettra aux communaut\u00e9s autochtones de documenter en temps r\u00e9el les impacts et leurs r\u00e9ponses au COVID-19, et tout est conforme aux principes OCAP (propri\u00e9t\u00e9, contr\u00f4le, acc\u00e8s et possession) sur leurs propres donn\u00e9es\u00a0\u00bb, a d\u00e9clar\u00e9 Evan Chamakese, coordonnateur de la sensibilisation des communaut\u00e9s pour l&rsquo;application et membre de la Premi\u00e8re nation de Pelican Lake.<\/p>\n<p>\u00ab\u00a0Ils peuvent partager ces informations avec nous s&rsquo;ils le souhaitent, ou ils peuvent faire ce qu&rsquo;ils veulent.<\/p>\n<a class=\"gdlr-core-button gdlr-core-button-shortcode  gdlr-core-button-gradient gdlr-core-button-no-border\" href=\"https:\/\/winnipeg.ctvnews.ca\/new-manitoba-made-app-documents-covid-19-cases-in-indigenous-communities-1.5305913\" target=\"_blank\"  style=\"margin-right: 20px;\"  ><span class=\"gdlr-core-content\"  >Read More<\/span><\/a>\n","protected":false},"excerpt":{"rendered":"<p>Publi\u00e9 le jeudi 11 f\u00e9vrier 2021 18:58PM CST WINNIPEG &#8212; Des chercheurs du Manitoba ont mis au point une nouvelle [&hellip;]<\/p>\n","protected":false},"author":2,"featured_media":1017,"comment_status":"open","ping_status":"open","sticky":false,"template":"","format":"standard","meta":{"om_disable_all_campaigns":false,"_monsterinsights_skip_tracking":false,"_monsterinsights_sitenote_active":false,"_monsterinsights_sitenote_note":"","_monsterinsights_sitenote_category":0,"footnotes":""},"categories":[25],"tags":[],"class_list":["post-1164","post","type-post","status-publish","format-standard","has-post-thumbnail","hentry","category-dans-les-medias-fr"],"yoast_head":"<!-- This site is optimized with the Yoast SEO plugin v26.8 - https:\/\/yoast.com\/product\/yoast-seo-wordpress\/ -->\n<title>Une nouvelle application cr\u00e9\u00e9e au Manitoba documente les cas de COVID-19 dans les communaut\u00e9s autochtones - Our Data Indigenous<\/title>\n<meta name=\"robots\" content=\"index, follow, max-snippet:-1, max-image-preview:large, max-video-preview:-1\" \/>\n<link rel=\"canonical\" href=\"https:\/\/ourdataindigenous.ca\/fr\/une-nouvelle-application-creee-au-manitoba-documente-les-cas-de-covid-19-dans-les-communautes-autochtones\/\" \/>\n<meta property=\"og:locale\" content=\"fr_FR\" \/>\n<meta property=\"og:type\" content=\"article\" \/>\n<meta property=\"og:title\" content=\"Une nouvelle application cr\u00e9\u00e9e au Manitoba documente les cas de COVID-19 dans les communaut\u00e9s autochtones - Our Data Indigenous\" \/>\n<meta property=\"og:description\" content=\"Publi\u00e9 le jeudi 11 f\u00e9vrier 2021 18:58PM CST WINNIPEG &#8212; Des chercheurs du Manitoba ont mis au point une nouvelle [&hellip;]\" \/>\n<meta property=\"og:url\" content=\"https:\/\/ourdataindigenous.ca\/fr\/une-nouvelle-application-creee-au-manitoba-documente-les-cas-de-covid-19-dans-les-communautes-autochtones\/\" \/>\n<meta property=\"og:site_name\" content=\"Our Data Indigenous\" \/>\n<meta property=\"article:published_time\" content=\"2021-02-11T19:04:36+00:00\" \/>\n<meta property=\"og:image\" content=\"https:\/\/ourdataindigenous.ca\/wp-content\/uploads\/2021\/12\/image.png\" \/>\n\t<meta property=\"og:image:width\" content=\"960\" \/>\n\t<meta property=\"og:image:height\" content=\"541\" \/>\n\t<meta property=\"og:image:type\" content=\"image\/png\" \/>\n<meta name=\"author\" content=\"kellyjanz\" \/>\n<meta name=\"twitter:card\" content=\"summary_large_image\" \/>\n<meta name=\"twitter:label1\" content=\"\u00c9crit par\" \/>\n\t<meta name=\"twitter:data1\" content=\"kellyjanz\" \/>\n\t<meta name=\"twitter:label2\" content=\"Dur\u00e9e de lecture estim\u00e9e\" \/>\n\t<meta name=\"twitter:data2\" content=\"1 minute\" \/>\n<script type=\"application\/ld+json\" class=\"yoast-schema-graph\">{\"@context\":\"https:\/\/schema.org\",\"@graph\":[{\"@type\":\"Article\",\"@id\":\"https:\/\/ourdataindigenous.ca\/fr\/une-nouvelle-application-creee-au-manitoba-documente-les-cas-de-covid-19-dans-les-communautes-autochtones\/#article\",\"isPartOf\":{\"@id\":\"https:\/\/ourdataindigenous.ca\/fr\/une-nouvelle-application-creee-au-manitoba-documente-les-cas-de-covid-19-dans-les-communautes-autochtones\/\"},\"author\":{\"name\":\"kellyjanz\",\"@id\":\"https:\/\/ourdataindigenous.ca\/fr\/#\/schema\/person\/e3538dfe4d7950519b6d2fd121a3c8e2\"},\"headline\":\"Une nouvelle application cr\u00e9\u00e9e au Manitoba documente les cas de COVID-19 dans les communaut\u00e9s autochtones\",\"datePublished\":\"2021-02-11T19:04:36+00:00\",\"mainEntityOfPage\":{\"@id\":\"https:\/\/ourdataindigenous.ca\/fr\/une-nouvelle-application-creee-au-manitoba-documente-les-cas-de-covid-19-dans-les-communautes-autochtones\/\"},\"wordCount\":184,\"commentCount\":0,\"image\":{\"@id\":\"https:\/\/ourdataindigenous.ca\/fr\/une-nouvelle-application-creee-au-manitoba-documente-les-cas-de-covid-19-dans-les-communautes-autochtones\/#primaryimage\"},\"thumbnailUrl\":\"https:\/\/ourdataindigenous.ca\/wp-content\/uploads\/2021\/12\/image.png\",\"articleSection\":[\"Dans les m\u00e9dias\"],\"inLanguage\":\"fr-FR\",\"potentialAction\":[{\"@type\":\"CommentAction\",\"name\":\"Comment\",\"target\":[\"https:\/\/ourdataindigenous.ca\/fr\/une-nouvelle-application-creee-au-manitoba-documente-les-cas-de-covid-19-dans-les-communautes-autochtones\/#respond\"]}]},{\"@type\":\"WebPage\",\"@id\":\"https:\/\/ourdataindigenous.ca\/fr\/une-nouvelle-application-creee-au-manitoba-documente-les-cas-de-covid-19-dans-les-communautes-autochtones\/\",\"url\":\"https:\/\/ourdataindigenous.ca\/fr\/une-nouvelle-application-creee-au-manitoba-documente-les-cas-de-covid-19-dans-les-communautes-autochtones\/\",\"name\":\"Une nouvelle application cr\u00e9\u00e9e au Manitoba documente les cas de COVID-19 dans les communaut\u00e9s autochtones - Our Data Indigenous\",\"isPartOf\":{\"@id\":\"https:\/\/ourdataindigenous.ca\/fr\/#website\"},\"primaryImageOfPage\":{\"@id\":\"https:\/\/ourdataindigenous.ca\/fr\/une-nouvelle-application-creee-au-manitoba-documente-les-cas-de-covid-19-dans-les-communautes-autochtones\/#primaryimage\"},\"image\":{\"@id\":\"https:\/\/ourdataindigenous.ca\/fr\/une-nouvelle-application-creee-au-manitoba-documente-les-cas-de-covid-19-dans-les-communautes-autochtones\/#primaryimage\"},\"thumbnailUrl\":\"https:\/\/ourdataindigenous.ca\/wp-content\/uploads\/2021\/12\/image.png\",\"datePublished\":\"2021-02-11T19:04:36+00:00\",\"author\":{\"@id\":\"https:\/\/ourdataindigenous.ca\/fr\/#\/schema\/person\/e3538dfe4d7950519b6d2fd121a3c8e2\"},\"breadcrumb\":{\"@id\":\"https:\/\/ourdataindigenous.ca\/fr\/une-nouvelle-application-creee-au-manitoba-documente-les-cas-de-covid-19-dans-les-communautes-autochtones\/#breadcrumb\"},\"inLanguage\":\"fr-FR\",\"potentialAction\":[{\"@type\":\"ReadAction\",\"target\":[\"https:\/\/ourdataindigenous.ca\/fr\/une-nouvelle-application-creee-au-manitoba-documente-les-cas-de-covid-19-dans-les-communautes-autochtones\/\"]}]},{\"@type\":\"ImageObject\",\"inLanguage\":\"fr-FR\",\"@id\":\"https:\/\/ourdataindigenous.ca\/fr\/une-nouvelle-application-creee-au-manitoba-documente-les-cas-de-covid-19-dans-les-communautes-autochtones\/#primaryimage\",\"url\":\"https:\/\/ourdataindigenous.ca\/wp-content\/uploads\/2021\/12\/image.png\",\"contentUrl\":\"https:\/\/ourdataindigenous.ca\/wp-content\/uploads\/2021\/12\/image.png\",\"width\":960,\"height\":541},{\"@type\":\"BreadcrumbList\",\"@id\":\"https:\/\/ourdataindigenous.ca\/fr\/une-nouvelle-application-creee-au-manitoba-documente-les-cas-de-covid-19-dans-les-communautes-autochtones\/#breadcrumb\",\"itemListElement\":[{\"@type\":\"ListItem\",\"position\":1,\"name\":\"Home\",\"item\":\"https:\/\/ourdataindigenous.ca\/fr\/accueil\/\"},{\"@type\":\"ListItem\",\"position\":2,\"name\":\"Une nouvelle application cr\u00e9\u00e9e au Manitoba documente les cas de COVID-19 dans les communaut\u00e9s autochtones\"}]},{\"@type\":\"WebSite\",\"@id\":\"https:\/\/ourdataindigenous.ca\/fr\/#website\",\"url\":\"https:\/\/ourdataindigenous.ca\/fr\/\",\"name\":\"Our Data Indigenous\",\"description\":\"Data Sovereignty at Your Fingertips\",\"potentialAction\":[{\"@type\":\"SearchAction\",\"target\":{\"@type\":\"EntryPoint\",\"urlTemplate\":\"https:\/\/ourdataindigenous.ca\/fr\/?s={search_term_string}\"},\"query-input\":{\"@type\":\"PropertyValueSpecification\",\"valueRequired\":true,\"valueName\":\"search_term_string\"}}],\"inLanguage\":\"fr-FR\"},{\"@type\":\"Person\",\"@id\":\"https:\/\/ourdataindigenous.ca\/fr\/#\/schema\/person\/e3538dfe4d7950519b6d2fd121a3c8e2\",\"name\":\"kellyjanz\",\"image\":{\"@type\":\"ImageObject\",\"inLanguage\":\"fr-FR\",\"@id\":\"https:\/\/ourdataindigenous.ca\/fr\/#\/schema\/person\/image\/\",\"url\":\"https:\/\/secure.gravatar.com\/avatar\/02823cf75257ce8682d485bcbf533bb2ed3c4a25e8855104094b57b21757dd0c?s=96&d=mm&r=g\",\"contentUrl\":\"https:\/\/secure.gravatar.com\/avatar\/02823cf75257ce8682d485bcbf533bb2ed3c4a25e8855104094b57b21757dd0c?s=96&d=mm&r=g\",\"caption\":\"kellyjanz\"},\"url\":\"https:\/\/ourdataindigenous.ca\/fr\/author\/kellyjanz\/\"}]}<\/script>\n<!-- \/ Yoast SEO plugin. -->","yoast_head_json":{"title":"Une nouvelle application cr\u00e9\u00e9e au Manitoba documente les cas de COVID-19 dans les communaut\u00e9s autochtones - Our Data Indigenous","robots":{"index":"index","follow":"follow","max-snippet":"max-snippet:-1","max-image-preview":"max-image-preview:large","max-video-preview":"max-video-preview:-1"},"canonical":"https:\/\/ourdataindigenous.ca\/fr\/une-nouvelle-application-creee-au-manitoba-documente-les-cas-de-covid-19-dans-les-communautes-autochtones\/","og_locale":"fr_FR","og_type":"article","og_title":"Une nouvelle application cr\u00e9\u00e9e au Manitoba documente les cas de COVID-19 dans les communaut\u00e9s autochtones - Our Data Indigenous","og_description":"Publi\u00e9 le jeudi 11 f\u00e9vrier 2021 18:58PM CST WINNIPEG &#8212; Des chercheurs du Manitoba ont mis au point une nouvelle [&hellip;]","og_url":"https:\/\/ourdataindigenous.ca\/fr\/une-nouvelle-application-creee-au-manitoba-documente-les-cas-de-covid-19-dans-les-communautes-autochtones\/","og_site_name":"Our Data Indigenous","article_published_time":"2021-02-11T19:04:36+00:00","og_image":[{"width":960,"height":541,"url":"https:\/\/ourdataindigenous.ca\/wp-content\/uploads\/2021\/12\/image.png","type":"image\/png"}],"author":"kellyjanz","twitter_card":"summary_large_image","twitter_misc":{"\u00c9crit par":"kellyjanz","Dur\u00e9e de lecture estim\u00e9e":"1 minute"},"schema":{"@context":"https:\/\/schema.org","@graph":[{"@type":"Article","@id":"https:\/\/ourdataindigenous.ca\/fr\/une-nouvelle-application-creee-au-manitoba-documente-les-cas-de-covid-19-dans-les-communautes-autochtones\/#article","isPartOf":{"@id":"https:\/\/ourdataindigenous.ca\/fr\/une-nouvelle-application-creee-au-manitoba-documente-les-cas-de-covid-19-dans-les-communautes-autochtones\/"},"author":{"name":"kellyjanz","@id":"https:\/\/ourdataindigenous.ca\/fr\/#\/schema\/person\/e3538dfe4d7950519b6d2fd121a3c8e2"},"headline":"Une nouvelle application cr\u00e9\u00e9e au Manitoba documente les cas de COVID-19 dans les communaut\u00e9s autochtones","datePublished":"2021-02-11T19:04:36+00:00","mainEntityOfPage":{"@id":"https:\/\/ourdataindigenous.ca\/fr\/une-nouvelle-application-creee-au-manitoba-documente-les-cas-de-covid-19-dans-les-communautes-autochtones\/"},"wordCount":184,"commentCount":0,"image":{"@id":"https:\/\/ourdataindigenous.ca\/fr\/une-nouvelle-application-creee-au-manitoba-documente-les-cas-de-covid-19-dans-les-communautes-autochtones\/#primaryimage"},"thumbnailUrl":"https:\/\/ourdataindigenous.ca\/wp-content\/uploads\/2021\/12\/image.png","articleSection":["Dans les m\u00e9dias"],"inLanguage":"fr-FR","potentialAction":[{"@type":"CommentAction","name":"Comment","target":["https:\/\/ourdataindigenous.ca\/fr\/une-nouvelle-application-creee-au-manitoba-documente-les-cas-de-covid-19-dans-les-communautes-autochtones\/#respond"]}]},{"@type":"WebPage","@id":"https:\/\/ourdataindigenous.ca\/fr\/une-nouvelle-application-creee-au-manitoba-documente-les-cas-de-covid-19-dans-les-communautes-autochtones\/","url":"https:\/\/ourdataindigenous.ca\/fr\/une-nouvelle-application-creee-au-manitoba-documente-les-cas-de-covid-19-dans-les-communautes-autochtones\/","name":"Une nouvelle application cr\u00e9\u00e9e au Manitoba documente les cas de COVID-19 dans les communaut\u00e9s autochtones - Our Data Indigenous","isPartOf":{"@id":"https:\/\/ourdataindigenous.ca\/fr\/#website"},"primaryImageOfPage":{"@id":"https:\/\/ourdataindigenous.ca\/fr\/une-nouvelle-application-creee-au-manitoba-documente-les-cas-de-covid-19-dans-les-communautes-autochtones\/#primaryimage"},"image":{"@id":"https:\/\/ourdataindigenous.ca\/fr\/une-nouvelle-application-creee-au-manitoba-documente-les-cas-de-covid-19-dans-les-communautes-autochtones\/#primaryimage"},"thumbnailUrl":"https:\/\/ourdataindigenous.ca\/wp-content\/uploads\/2021\/12\/image.png","datePublished":"2021-02-11T19:04:36+00:00","author":{"@id":"https:\/\/ourdataindigenous.ca\/fr\/#\/schema\/person\/e3538dfe4d7950519b6d2fd121a3c8e2"},"breadcrumb":{"@id":"https:\/\/ourdataindigenous.ca\/fr\/une-nouvelle-application-creee-au-manitoba-documente-les-cas-de-covid-19-dans-les-communautes-autochtones\/#breadcrumb"},"inLanguage":"fr-FR","potentialAction":[{"@type":"ReadAction","target":["https:\/\/ourdataindigenous.ca\/fr\/une-nouvelle-application-creee-au-manitoba-documente-les-cas-de-covid-19-dans-les-communautes-autochtones\/"]}]},{"@type":"ImageObject","inLanguage":"fr-FR","@id":"https:\/\/ourdataindigenous.ca\/fr\/une-nouvelle-application-creee-au-manitoba-documente-les-cas-de-covid-19-dans-les-communautes-autochtones\/#primaryimage","url":"https:\/\/ourdataindigenous.ca\/wp-content\/uploads\/2021\/12\/image.png","contentUrl":"https:\/\/ourdataindigenous.ca\/wp-content\/uploads\/2021\/12\/image.png","width":960,"height":541},{"@type":"BreadcrumbList","@id":"https:\/\/ourdataindigenous.ca\/fr\/une-nouvelle-application-creee-au-manitoba-documente-les-cas-de-covid-19-dans-les-communautes-autochtones\/#breadcrumb","itemListElement":[{"@type":"ListItem","position":1,"name":"Home","item":"https:\/\/ourdataindigenous.ca\/fr\/accueil\/"},{"@type":"ListItem","position":2,"name":"Une nouvelle application cr\u00e9\u00e9e au Manitoba documente les cas de COVID-19 dans les communaut\u00e9s autochtones"}]},{"@type":"WebSite","@id":"https:\/\/ourdataindigenous.ca\/fr\/#website","url":"https:\/\/ourdataindigenous.ca\/fr\/","name":"Our Data Indigenous","description":"Data Sovereignty at Your Fingertips","potentialAction":[{"@type":"SearchAction","target":{"@type":"EntryPoint","urlTemplate":"https:\/\/ourdataindigenous.ca\/fr\/?s={search_term_string}"},"query-input":{"@type":"PropertyValueSpecification","valueRequired":true,"valueName":"search_term_string"}}],"inLanguage":"fr-FR"},{"@type":"Person","@id":"https:\/\/ourdataindigenous.ca\/fr\/#\/schema\/person\/e3538dfe4d7950519b6d2fd121a3c8e2","name":"kellyjanz","image":{"@type":"ImageObject","inLanguage":"fr-FR","@id":"https:\/\/ourdataindigenous.ca\/fr\/#\/schema\/person\/image\/","url":"https:\/\/secure.gravatar.com\/avatar\/02823cf75257ce8682d485bcbf533bb2ed3c4a25e8855104094b57b21757dd0c?s=96&d=mm&r=g","contentUrl":"https:\/\/secure.gravatar.com\/avatar\/02823cf75257ce8682d485bcbf533bb2ed3c4a25e8855104094b57b21757dd0c?s=96&d=mm&r=g","caption":"kellyjanz"},"url":"https:\/\/ourdataindigenous.ca\/fr\/author\/kellyjanz\/"}]}},"_links":{"self":[{"href":"https:\/\/ourdataindigenous.ca\/fr\/wp-json\/wp\/v2\/posts\/1164","targetHints":{"allow":["GET"]}}],"collection":[{"href":"https:\/\/ourdataindigenous.ca\/fr\/wp-json\/wp\/v2\/posts"}],"about":[{"href":"https:\/\/ourdataindigenous.ca\/fr\/wp-json\/wp\/v2\/types\/post"}],"author":[{"embeddable":true,"href":"https:\/\/ourdataindigenous.ca\/fr\/wp-json\/wp\/v2\/users\/2"}],"replies":[{"embeddable":true,"href":"https:\/\/ourdataindigenous.ca\/fr\/wp-json\/wp\/v2\/comments?post=1164"}],"version-history":[{"count":0,"href":"https:\/\/ourdataindigenous.ca\/fr\/wp-json\/wp\/v2\/posts\/1164\/revisions"}],"wp:featuredmedia":[{"embeddable":true,"href":"https:\/\/ourdataindigenous.ca\/fr\/wp-json\/wp\/v2\/media\/1017"}],"wp:attachment":[{"href":"https:\/\/ourdataindigenous.ca\/fr\/wp-json\/wp\/v2\/media?parent=1164"}],"wp:term":[{"taxonomy":"category","embeddable":true,"href":"https:\/\/ourdataindigenous.ca\/fr\/wp-json\/wp\/v2\/categories?post=1164"},{"taxonomy":"post_tag","embeddable":true,"href":"https:\/\/ourdataindigenous.ca\/fr\/wp-json\/wp\/v2\/tags?post=1164"}],"curies":[{"name":"wp","href":"https:\/\/api.w.org\/{rel}","templated":true}]}}