{"id":1163,"date":"2021-02-15T18:38:02","date_gmt":"2021-02-15T18:38:02","guid":{"rendered":"https:\/\/ourdataindigenous.ca\/une-nouvelle-application-concue-pour-faciliter-la-reponse-des-communautes-autochtones-au-virus-covid-19\/"},"modified":"2021-02-15T18:38:02","modified_gmt":"2021-02-15T18:38:02","slug":"une-nouvelle-application-concue-pour-faciliter-la-reponse-des-communautes-autochtones-au-virus-covid-19","status":"publish","type":"post","link":"https:\/\/ourdataindigenous.ca\/fr\/une-nouvelle-application-concue-pour-faciliter-la-reponse-des-communautes-autochtones-au-virus-covid-19\/","title":{"rendered":"Une nouvelle application con\u00e7ue pour faciliter la r\u00e9ponse des communaut\u00e9s autochtones au virus COVID-19"},"content":{"rendered":"<p><em>15 f\u00e9vrier 2021, CFWE (Alberta Radio)<\/em><\/p>\n<hr>\n<blockquote>\n<p class=\"news-abstract\">\u00ab\u00a0Ce que nous avons entendu au cours des derniers mois, c&rsquo;est que les communaut\u00e9s des Premi\u00e8res nations, des M\u00e9tis et des Inuits sont confront\u00e9es \u00e0 des obstacles qui les emp\u00eachent d&rsquo;acc\u00e9der \u00e0 leurs propres donn\u00e9es sur la sant\u00e9. Ce projet leur permettra donc de collecter leurs propres donn\u00e9es et de r\u00e9agir \u00e0 tout impact, en r\u00e9duisant la d\u00e9pendance \u00e0 l&rsquo;\u00e9gard d&rsquo;agences ou de gouvernements ext\u00e9rieurs.<\/p>\n<\/blockquote>\n<p>Des chercheurs canadiens ont mis au point une nouvelle application destin\u00e9e \u00e0 aider les communaut\u00e9s autochtones du monde entier \u00e0 faire face \u00e0 la pand\u00e9mie de COVID-19.<\/p>\n<p>L&rsquo;application \u00ab\u00a0<a href=\"https:\/\/covid19indigenous.ca\/digital-health-initiative\/\">COVID-19 Indigenous<\/a>\u00a0\u00bb a \u00e9t\u00e9 cr\u00e9\u00e9e \u00e0 l&rsquo;Universit\u00e9 du Manitoba en partenariat avec des dirigeants autochtones. Il est consid\u00e9r\u00e9 comme le premier du genre. L&rsquo;application permettra aux communaut\u00e9s de documenter les impacts et les r\u00e9ponses \u00e0 la pand\u00e9mie en temps r\u00e9el. Les communaut\u00e9s auront le contr\u00f4le total de leurs propres donn\u00e9es.<\/p>\n<p>Les donn\u00e9es collect\u00e9es peuvent \u00eatre utilis\u00e9es par les communaut\u00e9s pour plaider en faveur de changements dans l&rsquo;\u00e9laboration des politiques concernant le COVID-19 et donner un exemple de l&rsquo;efficacit\u00e9 des outils num\u00e9riques pour soutenir et promouvoir la sant\u00e9 autochtone et la souverainet\u00e9 des donn\u00e9es.<\/p>\n<p style=\"text-align: center;\"><a class=\"gdlr-core-button gdlr-core-button-shortcode  gdlr-core-button-gradient gdlr-core-button-no-border\" href=\"https:\/\/www.cfweradio.ca\/news\/alberta-news\/new-app-designed-to-facilitate-covid-19-response-for-indigenous-communities\/\" target=\"_blank\"  style=\"margin-right: 20px;\"  ><span class=\"gdlr-core-content\"  >Read More<\/span><\/a><\/p>\n","protected":false},"excerpt":{"rendered":"<p>15 f\u00e9vrier 2021, CFWE (Alberta Radio) \u00ab\u00a0Ce que nous avons entendu au cours des derniers mois, c&rsquo;est que les communaut\u00e9s [&hellip;]<\/p>\n","protected":false},"author":2,"featured_media":1028,"comment_status":"open","ping_status":"open","sticky":false,"template":"","format":"standard","meta":{"om_disable_all_campaigns":false,"_monsterinsights_skip_tracking":false,"_monsterinsights_sitenote_active":false,"_monsterinsights_sitenote_note":"","_monsterinsights_sitenote_category":0,"footnotes":""},"categories":[25],"tags":[],"class_list":["post-1163","post","type-post","status-publish","format-standard","has-post-thumbnail","hentry","category-dans-les-medias-fr"],"yoast_head":"<!-- This site is optimized with the Yoast SEO plugin v26.8 - https:\/\/yoast.com\/product\/yoast-seo-wordpress\/ -->\n<title>Une nouvelle application con\u00e7ue pour faciliter la r\u00e9ponse des communaut\u00e9s autochtones au virus COVID-19 - Our Data Indigenous<\/title>\n<meta name=\"robots\" content=\"index, follow, max-snippet:-1, max-image-preview:large, max-video-preview:-1\" \/>\n<link rel=\"canonical\" href=\"https:\/\/ourdataindigenous.ca\/fr\/une-nouvelle-application-concue-pour-faciliter-la-reponse-des-communautes-autochtones-au-virus-covid-19\/\" \/>\n<meta property=\"og:locale\" content=\"fr_FR\" \/>\n<meta property=\"og:type\" content=\"article\" \/>\n<meta property=\"og:title\" content=\"Une nouvelle application con\u00e7ue pour faciliter la r\u00e9ponse des communaut\u00e9s autochtones au virus COVID-19 - Our Data Indigenous\" \/>\n<meta property=\"og:description\" content=\"15 f\u00e9vrier 2021, CFWE (Alberta Radio) \u00ab\u00a0Ce que nous avons entendu au cours des derniers mois, c&rsquo;est que les communaut\u00e9s [&hellip;]\" \/>\n<meta property=\"og:url\" content=\"https:\/\/ourdataindigenous.ca\/fr\/une-nouvelle-application-concue-pour-faciliter-la-reponse-des-communautes-autochtones-au-virus-covid-19\/\" \/>\n<meta property=\"og:site_name\" content=\"Our Data Indigenous\" \/>\n<meta property=\"article:published_time\" content=\"2021-02-15T18:38:02+00:00\" \/>\n<meta property=\"og:image\" content=\"https:\/\/ourdataindigenous.ca\/wp-content\/uploads\/2021\/12\/602b32591c30a.jpg\" \/>\n\t<meta property=\"og:image:width\" content=\"1000\" \/>\n\t<meta property=\"og:image:height\" content=\"562\" \/>\n\t<meta property=\"og:image:type\" content=\"image\/jpeg\" \/>\n<meta name=\"author\" content=\"kellyjanz\" \/>\n<meta name=\"twitter:card\" content=\"summary_large_image\" \/>\n<meta name=\"twitter:label1\" content=\"\u00c9crit par\" \/>\n\t<meta name=\"twitter:data1\" content=\"kellyjanz\" \/>\n\t<meta name=\"twitter:label2\" content=\"Dur\u00e9e de lecture estim\u00e9e\" \/>\n\t<meta name=\"twitter:data2\" content=\"1 minute\" \/>\n<script type=\"application\/ld+json\" class=\"yoast-schema-graph\">{\"@context\":\"https:\/\/schema.org\",\"@graph\":[{\"@type\":\"Article\",\"@id\":\"https:\/\/ourdataindigenous.ca\/fr\/une-nouvelle-application-concue-pour-faciliter-la-reponse-des-communautes-autochtones-au-virus-covid-19\/#article\",\"isPartOf\":{\"@id\":\"https:\/\/ourdataindigenous.ca\/fr\/une-nouvelle-application-concue-pour-faciliter-la-reponse-des-communautes-autochtones-au-virus-covid-19\/\"},\"author\":{\"name\":\"kellyjanz\",\"@id\":\"https:\/\/ourdataindigenous.ca\/fr\/#\/schema\/person\/e3538dfe4d7950519b6d2fd121a3c8e2\"},\"headline\":\"Une nouvelle application con\u00e7ue pour faciliter la r\u00e9ponse des communaut\u00e9s autochtones au virus COVID-19\",\"datePublished\":\"2021-02-15T18:38:02+00:00\",\"mainEntityOfPage\":{\"@id\":\"https:\/\/ourdataindigenous.ca\/fr\/une-nouvelle-application-concue-pour-faciliter-la-reponse-des-communautes-autochtones-au-virus-covid-19\/\"},\"wordCount\":257,\"commentCount\":0,\"image\":{\"@id\":\"https:\/\/ourdataindigenous.ca\/fr\/une-nouvelle-application-concue-pour-faciliter-la-reponse-des-communautes-autochtones-au-virus-covid-19\/#primaryimage\"},\"thumbnailUrl\":\"https:\/\/ourdataindigenous.ca\/wp-content\/uploads\/2021\/12\/602b32591c30a.jpg\",\"articleSection\":[\"Dans les m\u00e9dias\"],\"inLanguage\":\"fr-FR\",\"potentialAction\":[{\"@type\":\"CommentAction\",\"name\":\"Comment\",\"target\":[\"https:\/\/ourdataindigenous.ca\/fr\/une-nouvelle-application-concue-pour-faciliter-la-reponse-des-communautes-autochtones-au-virus-covid-19\/#respond\"]}]},{\"@type\":\"WebPage\",\"@id\":\"https:\/\/ourdataindigenous.ca\/fr\/une-nouvelle-application-concue-pour-faciliter-la-reponse-des-communautes-autochtones-au-virus-covid-19\/\",\"url\":\"https:\/\/ourdataindigenous.ca\/fr\/une-nouvelle-application-concue-pour-faciliter-la-reponse-des-communautes-autochtones-au-virus-covid-19\/\",\"name\":\"Une nouvelle application con\u00e7ue pour faciliter la r\u00e9ponse des communaut\u00e9s autochtones au virus COVID-19 - Our Data Indigenous\",\"isPartOf\":{\"@id\":\"https:\/\/ourdataindigenous.ca\/fr\/#website\"},\"primaryImageOfPage\":{\"@id\":\"https:\/\/ourdataindigenous.ca\/fr\/une-nouvelle-application-concue-pour-faciliter-la-reponse-des-communautes-autochtones-au-virus-covid-19\/#primaryimage\"},\"image\":{\"@id\":\"https:\/\/ourdataindigenous.ca\/fr\/une-nouvelle-application-concue-pour-faciliter-la-reponse-des-communautes-autochtones-au-virus-covid-19\/#primaryimage\"},\"thumbnailUrl\":\"https:\/\/ourdataindigenous.ca\/wp-content\/uploads\/2021\/12\/602b32591c30a.jpg\",\"datePublished\":\"2021-02-15T18:38:02+00:00\",\"author\":{\"@id\":\"https:\/\/ourdataindigenous.ca\/fr\/#\/schema\/person\/e3538dfe4d7950519b6d2fd121a3c8e2\"},\"breadcrumb\":{\"@id\":\"https:\/\/ourdataindigenous.ca\/fr\/une-nouvelle-application-concue-pour-faciliter-la-reponse-des-communautes-autochtones-au-virus-covid-19\/#breadcrumb\"},\"inLanguage\":\"fr-FR\",\"potentialAction\":[{\"@type\":\"ReadAction\",\"target\":[\"https:\/\/ourdataindigenous.ca\/fr\/une-nouvelle-application-concue-pour-faciliter-la-reponse-des-communautes-autochtones-au-virus-covid-19\/\"]}]},{\"@type\":\"ImageObject\",\"inLanguage\":\"fr-FR\",\"@id\":\"https:\/\/ourdataindigenous.ca\/fr\/une-nouvelle-application-concue-pour-faciliter-la-reponse-des-communautes-autochtones-au-virus-covid-19\/#primaryimage\",\"url\":\"https:\/\/ourdataindigenous.ca\/wp-content\/uploads\/2021\/12\/602b32591c30a.jpg\",\"contentUrl\":\"https:\/\/ourdataindigenous.ca\/wp-content\/uploads\/2021\/12\/602b32591c30a.jpg\",\"width\":1000,\"height\":562},{\"@type\":\"BreadcrumbList\",\"@id\":\"https:\/\/ourdataindigenous.ca\/fr\/une-nouvelle-application-concue-pour-faciliter-la-reponse-des-communautes-autochtones-au-virus-covid-19\/#breadcrumb\",\"itemListElement\":[{\"@type\":\"ListItem\",\"position\":1,\"name\":\"Home\",\"item\":\"https:\/\/ourdataindigenous.ca\/fr\/accueil\/\"},{\"@type\":\"ListItem\",\"position\":2,\"name\":\"Une nouvelle application con\u00e7ue pour faciliter la r\u00e9ponse des communaut\u00e9s autochtones au virus COVID-19\"}]},{\"@type\":\"WebSite\",\"@id\":\"https:\/\/ourdataindigenous.ca\/fr\/#website\",\"url\":\"https:\/\/ourdataindigenous.ca\/fr\/\",\"name\":\"Our Data Indigenous\",\"description\":\"Data Sovereignty at Your Fingertips\",\"potentialAction\":[{\"@type\":\"SearchAction\",\"target\":{\"@type\":\"EntryPoint\",\"urlTemplate\":\"https:\/\/ourdataindigenous.ca\/fr\/?s={search_term_string}\"},\"query-input\":{\"@type\":\"PropertyValueSpecification\",\"valueRequired\":true,\"valueName\":\"search_term_string\"}}],\"inLanguage\":\"fr-FR\"},{\"@type\":\"Person\",\"@id\":\"https:\/\/ourdataindigenous.ca\/fr\/#\/schema\/person\/e3538dfe4d7950519b6d2fd121a3c8e2\",\"name\":\"kellyjanz\",\"image\":{\"@type\":\"ImageObject\",\"inLanguage\":\"fr-FR\",\"@id\":\"https:\/\/ourdataindigenous.ca\/fr\/#\/schema\/person\/image\/\",\"url\":\"https:\/\/secure.gravatar.com\/avatar\/02823cf75257ce8682d485bcbf533bb2ed3c4a25e8855104094b57b21757dd0c?s=96&d=mm&r=g\",\"contentUrl\":\"https:\/\/secure.gravatar.com\/avatar\/02823cf75257ce8682d485bcbf533bb2ed3c4a25e8855104094b57b21757dd0c?s=96&d=mm&r=g\",\"caption\":\"kellyjanz\"},\"url\":\"https:\/\/ourdataindigenous.ca\/fr\/author\/kellyjanz\/\"}]}<\/script>\n<!-- \/ Yoast SEO plugin. -->","yoast_head_json":{"title":"Une nouvelle application con\u00e7ue pour faciliter la r\u00e9ponse des communaut\u00e9s autochtones au virus COVID-19 - Our Data Indigenous","robots":{"index":"index","follow":"follow","max-snippet":"max-snippet:-1","max-image-preview":"max-image-preview:large","max-video-preview":"max-video-preview:-1"},"canonical":"https:\/\/ourdataindigenous.ca\/fr\/une-nouvelle-application-concue-pour-faciliter-la-reponse-des-communautes-autochtones-au-virus-covid-19\/","og_locale":"fr_FR","og_type":"article","og_title":"Une nouvelle application con\u00e7ue pour faciliter la r\u00e9ponse des communaut\u00e9s autochtones au virus COVID-19 - Our Data Indigenous","og_description":"15 f\u00e9vrier 2021, CFWE (Alberta Radio) \u00ab\u00a0Ce que nous avons entendu au cours des derniers mois, c&rsquo;est que les communaut\u00e9s [&hellip;]","og_url":"https:\/\/ourdataindigenous.ca\/fr\/une-nouvelle-application-concue-pour-faciliter-la-reponse-des-communautes-autochtones-au-virus-covid-19\/","og_site_name":"Our Data Indigenous","article_published_time":"2021-02-15T18:38:02+00:00","og_image":[{"width":1000,"height":562,"url":"https:\/\/ourdataindigenous.ca\/wp-content\/uploads\/2021\/12\/602b32591c30a.jpg","type":"image\/jpeg"}],"author":"kellyjanz","twitter_card":"summary_large_image","twitter_misc":{"\u00c9crit par":"kellyjanz","Dur\u00e9e de lecture estim\u00e9e":"1 minute"},"schema":{"@context":"https:\/\/schema.org","@graph":[{"@type":"Article","@id":"https:\/\/ourdataindigenous.ca\/fr\/une-nouvelle-application-concue-pour-faciliter-la-reponse-des-communautes-autochtones-au-virus-covid-19\/#article","isPartOf":{"@id":"https:\/\/ourdataindigenous.ca\/fr\/une-nouvelle-application-concue-pour-faciliter-la-reponse-des-communautes-autochtones-au-virus-covid-19\/"},"author":{"name":"kellyjanz","@id":"https:\/\/ourdataindigenous.ca\/fr\/#\/schema\/person\/e3538dfe4d7950519b6d2fd121a3c8e2"},"headline":"Une nouvelle application con\u00e7ue pour faciliter la r\u00e9ponse des communaut\u00e9s autochtones au virus COVID-19","datePublished":"2021-02-15T18:38:02+00:00","mainEntityOfPage":{"@id":"https:\/\/ourdataindigenous.ca\/fr\/une-nouvelle-application-concue-pour-faciliter-la-reponse-des-communautes-autochtones-au-virus-covid-19\/"},"wordCount":257,"commentCount":0,"image":{"@id":"https:\/\/ourdataindigenous.ca\/fr\/une-nouvelle-application-concue-pour-faciliter-la-reponse-des-communautes-autochtones-au-virus-covid-19\/#primaryimage"},"thumbnailUrl":"https:\/\/ourdataindigenous.ca\/wp-content\/uploads\/2021\/12\/602b32591c30a.jpg","articleSection":["Dans les m\u00e9dias"],"inLanguage":"fr-FR","potentialAction":[{"@type":"CommentAction","name":"Comment","target":["https:\/\/ourdataindigenous.ca\/fr\/une-nouvelle-application-concue-pour-faciliter-la-reponse-des-communautes-autochtones-au-virus-covid-19\/#respond"]}]},{"@type":"WebPage","@id":"https:\/\/ourdataindigenous.ca\/fr\/une-nouvelle-application-concue-pour-faciliter-la-reponse-des-communautes-autochtones-au-virus-covid-19\/","url":"https:\/\/ourdataindigenous.ca\/fr\/une-nouvelle-application-concue-pour-faciliter-la-reponse-des-communautes-autochtones-au-virus-covid-19\/","name":"Une nouvelle application con\u00e7ue pour faciliter la r\u00e9ponse des communaut\u00e9s autochtones au virus COVID-19 - Our Data Indigenous","isPartOf":{"@id":"https:\/\/ourdataindigenous.ca\/fr\/#website"},"primaryImageOfPage":{"@id":"https:\/\/ourdataindigenous.ca\/fr\/une-nouvelle-application-concue-pour-faciliter-la-reponse-des-communautes-autochtones-au-virus-covid-19\/#primaryimage"},"image":{"@id":"https:\/\/ourdataindigenous.ca\/fr\/une-nouvelle-application-concue-pour-faciliter-la-reponse-des-communautes-autochtones-au-virus-covid-19\/#primaryimage"},"thumbnailUrl":"https:\/\/ourdataindigenous.ca\/wp-content\/uploads\/2021\/12\/602b32591c30a.jpg","datePublished":"2021-02-15T18:38:02+00:00","author":{"@id":"https:\/\/ourdataindigenous.ca\/fr\/#\/schema\/person\/e3538dfe4d7950519b6d2fd121a3c8e2"},"breadcrumb":{"@id":"https:\/\/ourdataindigenous.ca\/fr\/une-nouvelle-application-concue-pour-faciliter-la-reponse-des-communautes-autochtones-au-virus-covid-19\/#breadcrumb"},"inLanguage":"fr-FR","potentialAction":[{"@type":"ReadAction","target":["https:\/\/ourdataindigenous.ca\/fr\/une-nouvelle-application-concue-pour-faciliter-la-reponse-des-communautes-autochtones-au-virus-covid-19\/"]}]},{"@type":"ImageObject","inLanguage":"fr-FR","@id":"https:\/\/ourdataindigenous.ca\/fr\/une-nouvelle-application-concue-pour-faciliter-la-reponse-des-communautes-autochtones-au-virus-covid-19\/#primaryimage","url":"https:\/\/ourdataindigenous.ca\/wp-content\/uploads\/2021\/12\/602b32591c30a.jpg","contentUrl":"https:\/\/ourdataindigenous.ca\/wp-content\/uploads\/2021\/12\/602b32591c30a.jpg","width":1000,"height":562},{"@type":"BreadcrumbList","@id":"https:\/\/ourdataindigenous.ca\/fr\/une-nouvelle-application-concue-pour-faciliter-la-reponse-des-communautes-autochtones-au-virus-covid-19\/#breadcrumb","itemListElement":[{"@type":"ListItem","position":1,"name":"Home","item":"https:\/\/ourdataindigenous.ca\/fr\/accueil\/"},{"@type":"ListItem","position":2,"name":"Une nouvelle application con\u00e7ue pour faciliter la r\u00e9ponse des communaut\u00e9s autochtones au virus COVID-19"}]},{"@type":"WebSite","@id":"https:\/\/ourdataindigenous.ca\/fr\/#website","url":"https:\/\/ourdataindigenous.ca\/fr\/","name":"Our Data Indigenous","description":"Data Sovereignty at Your Fingertips","potentialAction":[{"@type":"SearchAction","target":{"@type":"EntryPoint","urlTemplate":"https:\/\/ourdataindigenous.ca\/fr\/?s={search_term_string}"},"query-input":{"@type":"PropertyValueSpecification","valueRequired":true,"valueName":"search_term_string"}}],"inLanguage":"fr-FR"},{"@type":"Person","@id":"https:\/\/ourdataindigenous.ca\/fr\/#\/schema\/person\/e3538dfe4d7950519b6d2fd121a3c8e2","name":"kellyjanz","image":{"@type":"ImageObject","inLanguage":"fr-FR","@id":"https:\/\/ourdataindigenous.ca\/fr\/#\/schema\/person\/image\/","url":"https:\/\/secure.gravatar.com\/avatar\/02823cf75257ce8682d485bcbf533bb2ed3c4a25e8855104094b57b21757dd0c?s=96&d=mm&r=g","contentUrl":"https:\/\/secure.gravatar.com\/avatar\/02823cf75257ce8682d485bcbf533bb2ed3c4a25e8855104094b57b21757dd0c?s=96&d=mm&r=g","caption":"kellyjanz"},"url":"https:\/\/ourdataindigenous.ca\/fr\/author\/kellyjanz\/"}]}},"_links":{"self":[{"href":"https:\/\/ourdataindigenous.ca\/fr\/wp-json\/wp\/v2\/posts\/1163","targetHints":{"allow":["GET"]}}],"collection":[{"href":"https:\/\/ourdataindigenous.ca\/fr\/wp-json\/wp\/v2\/posts"}],"about":[{"href":"https:\/\/ourdataindigenous.ca\/fr\/wp-json\/wp\/v2\/types\/post"}],"author":[{"embeddable":true,"href":"https:\/\/ourdataindigenous.ca\/fr\/wp-json\/wp\/v2\/users\/2"}],"replies":[{"embeddable":true,"href":"https:\/\/ourdataindigenous.ca\/fr\/wp-json\/wp\/v2\/comments?post=1163"}],"version-history":[{"count":0,"href":"https:\/\/ourdataindigenous.ca\/fr\/wp-json\/wp\/v2\/posts\/1163\/revisions"}],"wp:featuredmedia":[{"embeddable":true,"href":"https:\/\/ourdataindigenous.ca\/fr\/wp-json\/wp\/v2\/media\/1028"}],"wp:attachment":[{"href":"https:\/\/ourdataindigenous.ca\/fr\/wp-json\/wp\/v2\/media?parent=1163"}],"wp:term":[{"taxonomy":"category","embeddable":true,"href":"https:\/\/ourdataindigenous.ca\/fr\/wp-json\/wp\/v2\/categories?post=1163"},{"taxonomy":"post_tag","embeddable":true,"href":"https:\/\/ourdataindigenous.ca\/fr\/wp-json\/wp\/v2\/tags?post=1163"}],"curies":[{"name":"wp","href":"https:\/\/api.w.org\/{rel}","templated":true}]}}