{"id":1161,"date":"2021-02-27T18:56:23","date_gmt":"2021-02-27T18:56:23","guid":{"rendered":"https:\/\/ourdataindigenous.ca\/lapproche-compatissante-des-premieres-nations-est-un-modele-pour-les-autres-les-chercheurs\/"},"modified":"2021-02-27T18:56:23","modified_gmt":"2021-02-27T18:56:23","slug":"lapproche-compatissante-des-premieres-nations-est-un-modele-pour-les-autres-les-chercheurs","status":"publish","type":"post","link":"https:\/\/ourdataindigenous.ca\/fr\/lapproche-compatissante-des-premieres-nations-est-un-modele-pour-les-autres-les-chercheurs\/","title":{"rendered":"L&rsquo;approche compatissante des Premi\u00e8res nations est un mod\u00e8le pour les autres : les chercheurs"},"content":{"rendered":"<p><em>Samedi 27 f\u00e9vrier 2021, Winnipeg Free Press<\/em><\/p>\n<hr>\n<h5>Au lieu de se concentrer sur les amendes et les lignes de d\u00e9nonciation, les gouvernements devraient faire plus de place, dans leur r\u00e9ponse \u00e0 la pand\u00e9mie, \u00e0 une aide collective et de proximit\u00e9 pour les personnes et les familles qui ont contract\u00e9 le COVID-19, affirment les chercheurs.<\/h5>\n<p>Une \u00e9quipe de l&rsquo;universit\u00e9 du Manitoba sugg\u00e8re aux responsables de se tourner vers les communaut\u00e9s indig\u00e8nes pour obtenir des r\u00e9ponses sur la mani\u00e8re d&rsquo;aller au-del\u00e0 de l&rsquo;application des violations des ordonnances de sant\u00e9 publique.<\/p>\n<p>Malgr\u00e9 des mesures de confinement parmi les plus strictes, notamment des points de contr\u00f4le o\u00f9 les habitants doivent pr\u00e9senter une pi\u00e8ce d&rsquo;identit\u00e9 et obtenir une autorisation pour sortir de la r\u00e9serve, de nombreuses communaut\u00e9s des Premi\u00e8res nations ont r\u00e9ussi \u00e0 mobiliser le soutien de la communaut\u00e9 pour distribuer des colis de soins, de la viande et des m\u00e9dicaments traditionnels aux familles isol\u00e9es, indique l&rsquo;\u00e9quipe.<\/p>\n<p>St\u00e9phane McLachlan, professeur sp\u00e9cialis\u00e9 dans la sant\u00e9 environnementale, et Myrle Ballard, professeur adjoint et sp\u00e9cialiste des questions autochtones, ont re\u00e7u une subvention f\u00e9d\u00e9rale pour \u00e9tudier la mani\u00e8re dont les communaut\u00e9s autochtones r\u00e9agissent \u00e0 la pand\u00e9mie. Ils travaillent avec Evan Chamakese, de la Premi\u00e8re nation de Pelican Lake, dans le nord de la Saskatchewan. Selon lui, malgr\u00e9 les ordres stricts de nombreux conseils de bande, les communaut\u00e9s qui suivent leurs enseignements sacr\u00e9s ont \u00e9t\u00e9 en mesure de travailler ensemble, en adoptant une approche plus compatissante.<\/p>\n<p>\u00ab\u00a0D&rsquo;apr\u00e8s ce que j&rsquo;ai vu, il ne s&rsquo;agit pas tant de faire honte ou d&rsquo;essayer de bl\u00e2mer les gens d&rsquo;avoir introduit ce virus dans la communaut\u00e9, mais plut\u00f4t de veiller les uns sur les autres et de prendre soin les uns des autres parce que nous sommes tous li\u00e9s.<\/p>\n<p style=\"text-align: center;\"><a class=\"gdlr-core-button gdlr-core-button-shortcode  gdlr-core-button-gradient gdlr-core-button-no-border\" href=\"https:\/\/www.winnipegfreepress.com\/local\/first-nations-compassionate-approach-a-model-for-others-researchers-573882512.html\" target=\"_blank\"  style=\"margin-right: 20px;\"  ><span class=\"gdlr-core-content\"  >Read More<\/span><\/a><\/p>\n","protected":false},"excerpt":{"rendered":"<p>Samedi 27 f\u00e9vrier 2021, Winnipeg Free Press Au lieu de se concentrer sur les amendes et les lignes de d\u00e9nonciation, [&hellip;]<\/p>\n","protected":false},"author":2,"featured_media":1029,"comment_status":"open","ping_status":"open","sticky":false,"template":"","format":"standard","meta":{"om_disable_all_campaigns":false,"_monsterinsights_skip_tracking":false,"_monsterinsights_sitenote_active":false,"_monsterinsights_sitenote_note":"","_monsterinsights_sitenote_category":0,"footnotes":""},"categories":[25],"tags":[],"class_list":["post-1161","post","type-post","status-publish","format-standard","has-post-thumbnail","hentry","category-dans-les-medias-fr"],"yoast_head":"<!-- This site is optimized with the Yoast SEO plugin v26.8 - https:\/\/yoast.com\/product\/yoast-seo-wordpress\/ -->\n<title>L&#039;approche compatissante des Premi\u00e8res nations est un mod\u00e8le pour les autres : les chercheurs - Our Data Indigenous<\/title>\n<meta name=\"robots\" content=\"index, follow, max-snippet:-1, max-image-preview:large, max-video-preview:-1\" \/>\n<link rel=\"canonical\" href=\"https:\/\/ourdataindigenous.ca\/fr\/lapproche-compatissante-des-premieres-nations-est-un-modele-pour-les-autres-les-chercheurs\/\" \/>\n<meta property=\"og:locale\" content=\"fr_FR\" \/>\n<meta property=\"og:type\" content=\"article\" \/>\n<meta property=\"og:title\" content=\"L&#039;approche compatissante des Premi\u00e8res nations est un mod\u00e8le pour les autres : les chercheurs - Our Data Indigenous\" \/>\n<meta property=\"og:description\" content=\"Samedi 27 f\u00e9vrier 2021, Winnipeg Free Press Au lieu de se concentrer sur les amendes et les lignes de d\u00e9nonciation, [&hellip;]\" \/>\n<meta property=\"og:url\" content=\"https:\/\/ourdataindigenous.ca\/fr\/lapproche-compatissante-des-premieres-nations-est-un-modele-pour-les-autres-les-chercheurs\/\" \/>\n<meta property=\"og:site_name\" content=\"Our Data Indigenous\" \/>\n<meta property=\"article:published_time\" content=\"2021-02-27T18:56:23+00:00\" \/>\n<meta property=\"og:image\" content=\"https:\/\/ourdataindigenous.ca\/wp-content\/uploads\/2021\/12\/NEP9581279.jpg\" \/>\n\t<meta property=\"og:image:width\" content=\"1020\" \/>\n\t<meta property=\"og:image:height\" content=\"677\" \/>\n\t<meta property=\"og:image:type\" content=\"image\/jpeg\" \/>\n<meta name=\"author\" content=\"kellyjanz\" \/>\n<meta name=\"twitter:card\" content=\"summary_large_image\" \/>\n<meta name=\"twitter:label1\" content=\"\u00c9crit par\" \/>\n\t<meta name=\"twitter:data1\" content=\"kellyjanz\" \/>\n\t<meta name=\"twitter:label2\" content=\"Dur\u00e9e de lecture estim\u00e9e\" \/>\n\t<meta name=\"twitter:data2\" content=\"2 minutes\" \/>\n<script type=\"application\/ld+json\" class=\"yoast-schema-graph\">{\"@context\":\"https:\/\/schema.org\",\"@graph\":[{\"@type\":\"Article\",\"@id\":\"https:\/\/ourdataindigenous.ca\/fr\/lapproche-compatissante-des-premieres-nations-est-un-modele-pour-les-autres-les-chercheurs\/#article\",\"isPartOf\":{\"@id\":\"https:\/\/ourdataindigenous.ca\/fr\/lapproche-compatissante-des-premieres-nations-est-un-modele-pour-les-autres-les-chercheurs\/\"},\"author\":{\"name\":\"kellyjanz\",\"@id\":\"https:\/\/ourdataindigenous.ca\/fr\/#\/schema\/person\/e3538dfe4d7950519b6d2fd121a3c8e2\"},\"headline\":\"L&rsquo;approche compatissante des Premi\u00e8res nations est un mod\u00e8le pour les autres : les chercheurs\",\"datePublished\":\"2021-02-27T18:56:23+00:00\",\"mainEntityOfPage\":{\"@id\":\"https:\/\/ourdataindigenous.ca\/fr\/lapproche-compatissante-des-premieres-nations-est-un-modele-pour-les-autres-les-chercheurs\/\"},\"wordCount\":358,\"commentCount\":0,\"image\":{\"@id\":\"https:\/\/ourdataindigenous.ca\/fr\/lapproche-compatissante-des-premieres-nations-est-un-modele-pour-les-autres-les-chercheurs\/#primaryimage\"},\"thumbnailUrl\":\"https:\/\/ourdataindigenous.ca\/wp-content\/uploads\/2021\/12\/NEP9581279.jpg\",\"articleSection\":[\"Dans les m\u00e9dias\"],\"inLanguage\":\"fr-FR\",\"potentialAction\":[{\"@type\":\"CommentAction\",\"name\":\"Comment\",\"target\":[\"https:\/\/ourdataindigenous.ca\/fr\/lapproche-compatissante-des-premieres-nations-est-un-modele-pour-les-autres-les-chercheurs\/#respond\"]}]},{\"@type\":\"WebPage\",\"@id\":\"https:\/\/ourdataindigenous.ca\/fr\/lapproche-compatissante-des-premieres-nations-est-un-modele-pour-les-autres-les-chercheurs\/\",\"url\":\"https:\/\/ourdataindigenous.ca\/fr\/lapproche-compatissante-des-premieres-nations-est-un-modele-pour-les-autres-les-chercheurs\/\",\"name\":\"L'approche compatissante des Premi\u00e8res nations est un mod\u00e8le pour les autres : les chercheurs - Our Data Indigenous\",\"isPartOf\":{\"@id\":\"https:\/\/ourdataindigenous.ca\/fr\/#website\"},\"primaryImageOfPage\":{\"@id\":\"https:\/\/ourdataindigenous.ca\/fr\/lapproche-compatissante-des-premieres-nations-est-un-modele-pour-les-autres-les-chercheurs\/#primaryimage\"},\"image\":{\"@id\":\"https:\/\/ourdataindigenous.ca\/fr\/lapproche-compatissante-des-premieres-nations-est-un-modele-pour-les-autres-les-chercheurs\/#primaryimage\"},\"thumbnailUrl\":\"https:\/\/ourdataindigenous.ca\/wp-content\/uploads\/2021\/12\/NEP9581279.jpg\",\"datePublished\":\"2021-02-27T18:56:23+00:00\",\"author\":{\"@id\":\"https:\/\/ourdataindigenous.ca\/fr\/#\/schema\/person\/e3538dfe4d7950519b6d2fd121a3c8e2\"},\"breadcrumb\":{\"@id\":\"https:\/\/ourdataindigenous.ca\/fr\/lapproche-compatissante-des-premieres-nations-est-un-modele-pour-les-autres-les-chercheurs\/#breadcrumb\"},\"inLanguage\":\"fr-FR\",\"potentialAction\":[{\"@type\":\"ReadAction\",\"target\":[\"https:\/\/ourdataindigenous.ca\/fr\/lapproche-compatissante-des-premieres-nations-est-un-modele-pour-les-autres-les-chercheurs\/\"]}]},{\"@type\":\"ImageObject\",\"inLanguage\":\"fr-FR\",\"@id\":\"https:\/\/ourdataindigenous.ca\/fr\/lapproche-compatissante-des-premieres-nations-est-un-modele-pour-les-autres-les-chercheurs\/#primaryimage\",\"url\":\"https:\/\/ourdataindigenous.ca\/wp-content\/uploads\/2021\/12\/NEP9581279.jpg\",\"contentUrl\":\"https:\/\/ourdataindigenous.ca\/wp-content\/uploads\/2021\/12\/NEP9581279.jpg\",\"width\":1020,\"height\":677},{\"@type\":\"BreadcrumbList\",\"@id\":\"https:\/\/ourdataindigenous.ca\/fr\/lapproche-compatissante-des-premieres-nations-est-un-modele-pour-les-autres-les-chercheurs\/#breadcrumb\",\"itemListElement\":[{\"@type\":\"ListItem\",\"position\":1,\"name\":\"Home\",\"item\":\"https:\/\/ourdataindigenous.ca\/fr\/accueil\/\"},{\"@type\":\"ListItem\",\"position\":2,\"name\":\"L&#8217;approche compatissante des Premi\u00e8res nations est un mod\u00e8le pour les autres : les chercheurs\"}]},{\"@type\":\"WebSite\",\"@id\":\"https:\/\/ourdataindigenous.ca\/fr\/#website\",\"url\":\"https:\/\/ourdataindigenous.ca\/fr\/\",\"name\":\"Our Data Indigenous\",\"description\":\"Data Sovereignty at Your Fingertips\",\"potentialAction\":[{\"@type\":\"SearchAction\",\"target\":{\"@type\":\"EntryPoint\",\"urlTemplate\":\"https:\/\/ourdataindigenous.ca\/fr\/?s={search_term_string}\"},\"query-input\":{\"@type\":\"PropertyValueSpecification\",\"valueRequired\":true,\"valueName\":\"search_term_string\"}}],\"inLanguage\":\"fr-FR\"},{\"@type\":\"Person\",\"@id\":\"https:\/\/ourdataindigenous.ca\/fr\/#\/schema\/person\/e3538dfe4d7950519b6d2fd121a3c8e2\",\"name\":\"kellyjanz\",\"image\":{\"@type\":\"ImageObject\",\"inLanguage\":\"fr-FR\",\"@id\":\"https:\/\/ourdataindigenous.ca\/fr\/#\/schema\/person\/image\/\",\"url\":\"https:\/\/secure.gravatar.com\/avatar\/02823cf75257ce8682d485bcbf533bb2ed3c4a25e8855104094b57b21757dd0c?s=96&d=mm&r=g\",\"contentUrl\":\"https:\/\/secure.gravatar.com\/avatar\/02823cf75257ce8682d485bcbf533bb2ed3c4a25e8855104094b57b21757dd0c?s=96&d=mm&r=g\",\"caption\":\"kellyjanz\"},\"url\":\"https:\/\/ourdataindigenous.ca\/fr\/author\/kellyjanz\/\"}]}<\/script>\n<!-- \/ Yoast SEO plugin. -->","yoast_head_json":{"title":"L'approche compatissante des Premi\u00e8res nations est un mod\u00e8le pour les autres : les chercheurs - Our Data Indigenous","robots":{"index":"index","follow":"follow","max-snippet":"max-snippet:-1","max-image-preview":"max-image-preview:large","max-video-preview":"max-video-preview:-1"},"canonical":"https:\/\/ourdataindigenous.ca\/fr\/lapproche-compatissante-des-premieres-nations-est-un-modele-pour-les-autres-les-chercheurs\/","og_locale":"fr_FR","og_type":"article","og_title":"L'approche compatissante des Premi\u00e8res nations est un mod\u00e8le pour les autres : les chercheurs - Our Data Indigenous","og_description":"Samedi 27 f\u00e9vrier 2021, Winnipeg Free Press Au lieu de se concentrer sur les amendes et les lignes de d\u00e9nonciation, [&hellip;]","og_url":"https:\/\/ourdataindigenous.ca\/fr\/lapproche-compatissante-des-premieres-nations-est-un-modele-pour-les-autres-les-chercheurs\/","og_site_name":"Our Data Indigenous","article_published_time":"2021-02-27T18:56:23+00:00","og_image":[{"width":1020,"height":677,"url":"https:\/\/ourdataindigenous.ca\/wp-content\/uploads\/2021\/12\/NEP9581279.jpg","type":"image\/jpeg"}],"author":"kellyjanz","twitter_card":"summary_large_image","twitter_misc":{"\u00c9crit par":"kellyjanz","Dur\u00e9e de lecture estim\u00e9e":"2 minutes"},"schema":{"@context":"https:\/\/schema.org","@graph":[{"@type":"Article","@id":"https:\/\/ourdataindigenous.ca\/fr\/lapproche-compatissante-des-premieres-nations-est-un-modele-pour-les-autres-les-chercheurs\/#article","isPartOf":{"@id":"https:\/\/ourdataindigenous.ca\/fr\/lapproche-compatissante-des-premieres-nations-est-un-modele-pour-les-autres-les-chercheurs\/"},"author":{"name":"kellyjanz","@id":"https:\/\/ourdataindigenous.ca\/fr\/#\/schema\/person\/e3538dfe4d7950519b6d2fd121a3c8e2"},"headline":"L&rsquo;approche compatissante des Premi\u00e8res nations est un mod\u00e8le pour les autres : les chercheurs","datePublished":"2021-02-27T18:56:23+00:00","mainEntityOfPage":{"@id":"https:\/\/ourdataindigenous.ca\/fr\/lapproche-compatissante-des-premieres-nations-est-un-modele-pour-les-autres-les-chercheurs\/"},"wordCount":358,"commentCount":0,"image":{"@id":"https:\/\/ourdataindigenous.ca\/fr\/lapproche-compatissante-des-premieres-nations-est-un-modele-pour-les-autres-les-chercheurs\/#primaryimage"},"thumbnailUrl":"https:\/\/ourdataindigenous.ca\/wp-content\/uploads\/2021\/12\/NEP9581279.jpg","articleSection":["Dans les m\u00e9dias"],"inLanguage":"fr-FR","potentialAction":[{"@type":"CommentAction","name":"Comment","target":["https:\/\/ourdataindigenous.ca\/fr\/lapproche-compatissante-des-premieres-nations-est-un-modele-pour-les-autres-les-chercheurs\/#respond"]}]},{"@type":"WebPage","@id":"https:\/\/ourdataindigenous.ca\/fr\/lapproche-compatissante-des-premieres-nations-est-un-modele-pour-les-autres-les-chercheurs\/","url":"https:\/\/ourdataindigenous.ca\/fr\/lapproche-compatissante-des-premieres-nations-est-un-modele-pour-les-autres-les-chercheurs\/","name":"L'approche compatissante des Premi\u00e8res nations est un mod\u00e8le pour les autres : les chercheurs - Our Data Indigenous","isPartOf":{"@id":"https:\/\/ourdataindigenous.ca\/fr\/#website"},"primaryImageOfPage":{"@id":"https:\/\/ourdataindigenous.ca\/fr\/lapproche-compatissante-des-premieres-nations-est-un-modele-pour-les-autres-les-chercheurs\/#primaryimage"},"image":{"@id":"https:\/\/ourdataindigenous.ca\/fr\/lapproche-compatissante-des-premieres-nations-est-un-modele-pour-les-autres-les-chercheurs\/#primaryimage"},"thumbnailUrl":"https:\/\/ourdataindigenous.ca\/wp-content\/uploads\/2021\/12\/NEP9581279.jpg","datePublished":"2021-02-27T18:56:23+00:00","author":{"@id":"https:\/\/ourdataindigenous.ca\/fr\/#\/schema\/person\/e3538dfe4d7950519b6d2fd121a3c8e2"},"breadcrumb":{"@id":"https:\/\/ourdataindigenous.ca\/fr\/lapproche-compatissante-des-premieres-nations-est-un-modele-pour-les-autres-les-chercheurs\/#breadcrumb"},"inLanguage":"fr-FR","potentialAction":[{"@type":"ReadAction","target":["https:\/\/ourdataindigenous.ca\/fr\/lapproche-compatissante-des-premieres-nations-est-un-modele-pour-les-autres-les-chercheurs\/"]}]},{"@type":"ImageObject","inLanguage":"fr-FR","@id":"https:\/\/ourdataindigenous.ca\/fr\/lapproche-compatissante-des-premieres-nations-est-un-modele-pour-les-autres-les-chercheurs\/#primaryimage","url":"https:\/\/ourdataindigenous.ca\/wp-content\/uploads\/2021\/12\/NEP9581279.jpg","contentUrl":"https:\/\/ourdataindigenous.ca\/wp-content\/uploads\/2021\/12\/NEP9581279.jpg","width":1020,"height":677},{"@type":"BreadcrumbList","@id":"https:\/\/ourdataindigenous.ca\/fr\/lapproche-compatissante-des-premieres-nations-est-un-modele-pour-les-autres-les-chercheurs\/#breadcrumb","itemListElement":[{"@type":"ListItem","position":1,"name":"Home","item":"https:\/\/ourdataindigenous.ca\/fr\/accueil\/"},{"@type":"ListItem","position":2,"name":"L&#8217;approche compatissante des Premi\u00e8res nations est un mod\u00e8le pour les autres : les chercheurs"}]},{"@type":"WebSite","@id":"https:\/\/ourdataindigenous.ca\/fr\/#website","url":"https:\/\/ourdataindigenous.ca\/fr\/","name":"Our Data Indigenous","description":"Data Sovereignty at Your Fingertips","potentialAction":[{"@type":"SearchAction","target":{"@type":"EntryPoint","urlTemplate":"https:\/\/ourdataindigenous.ca\/fr\/?s={search_term_string}"},"query-input":{"@type":"PropertyValueSpecification","valueRequired":true,"valueName":"search_term_string"}}],"inLanguage":"fr-FR"},{"@type":"Person","@id":"https:\/\/ourdataindigenous.ca\/fr\/#\/schema\/person\/e3538dfe4d7950519b6d2fd121a3c8e2","name":"kellyjanz","image":{"@type":"ImageObject","inLanguage":"fr-FR","@id":"https:\/\/ourdataindigenous.ca\/fr\/#\/schema\/person\/image\/","url":"https:\/\/secure.gravatar.com\/avatar\/02823cf75257ce8682d485bcbf533bb2ed3c4a25e8855104094b57b21757dd0c?s=96&d=mm&r=g","contentUrl":"https:\/\/secure.gravatar.com\/avatar\/02823cf75257ce8682d485bcbf533bb2ed3c4a25e8855104094b57b21757dd0c?s=96&d=mm&r=g","caption":"kellyjanz"},"url":"https:\/\/ourdataindigenous.ca\/fr\/author\/kellyjanz\/"}]}},"_links":{"self":[{"href":"https:\/\/ourdataindigenous.ca\/fr\/wp-json\/wp\/v2\/posts\/1161","targetHints":{"allow":["GET"]}}],"collection":[{"href":"https:\/\/ourdataindigenous.ca\/fr\/wp-json\/wp\/v2\/posts"}],"about":[{"href":"https:\/\/ourdataindigenous.ca\/fr\/wp-json\/wp\/v2\/types\/post"}],"author":[{"embeddable":true,"href":"https:\/\/ourdataindigenous.ca\/fr\/wp-json\/wp\/v2\/users\/2"}],"replies":[{"embeddable":true,"href":"https:\/\/ourdataindigenous.ca\/fr\/wp-json\/wp\/v2\/comments?post=1161"}],"version-history":[{"count":0,"href":"https:\/\/ourdataindigenous.ca\/fr\/wp-json\/wp\/v2\/posts\/1161\/revisions"}],"wp:featuredmedia":[{"embeddable":true,"href":"https:\/\/ourdataindigenous.ca\/fr\/wp-json\/wp\/v2\/media\/1029"}],"wp:attachment":[{"href":"https:\/\/ourdataindigenous.ca\/fr\/wp-json\/wp\/v2\/media?parent=1161"}],"wp:term":[{"taxonomy":"category","embeddable":true,"href":"https:\/\/ourdataindigenous.ca\/fr\/wp-json\/wp\/v2\/categories?post=1161"},{"taxonomy":"post_tag","embeddable":true,"href":"https:\/\/ourdataindigenous.ca\/fr\/wp-json\/wp\/v2\/tags?post=1161"}],"curies":[{"name":"wp","href":"https:\/\/api.w.org\/{rel}","templated":true}]}}