{"id":1159,"date":"2021-02-13T18:21:38","date_gmt":"2021-02-13T18:21:38","guid":{"rendered":"https:\/\/ourdataindigenous.ca\/une-nouvelle-application-permet-aux-populations-autochtones-de-sexprimer-pendant-la-pandemie-de-covid-19-auteur-de-larticle\/"},"modified":"2021-02-13T18:21:38","modified_gmt":"2021-02-13T18:21:38","slug":"une-nouvelle-application-permet-aux-populations-autochtones-de-sexprimer-pendant-la-pandemie-de-covid-19-auteur-de-larticle","status":"publish","type":"post","link":"https:\/\/ourdataindigenous.ca\/fr\/une-nouvelle-application-permet-aux-populations-autochtones-de-sexprimer-pendant-la-pandemie-de-covid-19-auteur-de-larticle\/","title":{"rendered":"Une nouvelle application permet aux populations autochtones de s&rsquo;exprimer pendant la pand\u00e9mie de COVID-19 Auteur de l&rsquo;article :"},"content":{"rendered":"<p><em>13 f\u00e9vrier 2021, Winnipeg Sun<\/em><\/p>\n<hr>\n<h5>Une application cr\u00e9\u00e9e par des chercheurs de l&rsquo;Universit\u00e9 du Manitoba permettra aux membres des communaut\u00e9s autochtones de s&rsquo;exprimer pendant la pand\u00e9mie de COVID-19.<\/h5>\n<p>L&rsquo;application COVID-19 Indigenous, qui peut d\u00e9sormais \u00eatre t\u00e9l\u00e9charg\u00e9e sur iOS et Android, permet aux directeurs locaux de la sant\u00e9 de recueillir des informations par le biais de questionnaires, ce qui leur permet de mettre en place des programmes efficaces pour leurs communaut\u00e9s, y compris des programmes de vaccination COVID-19.<\/p>\n<p>Les donn\u00e9es collect\u00e9es peuvent \u00eatre utilis\u00e9es par les communaut\u00e9s pour plaider en faveur de changements dans l&rsquo;\u00e9laboration des politiques concernant le COVID-19 et donner un exemple de l&rsquo;efficacit\u00e9 des outils num\u00e9riques pour soutenir et promouvoir la sant\u00e9 autochtone et la souverainet\u00e9 des donn\u00e9es.<\/p>\n<p>\u00ab\u00a0Nous avons commenc\u00e9 \u00e0 travailler sur cette initiative en avril 2020. Plus nous avancions, plus nous voyions qu&rsquo;il \u00e9tait n\u00e9cessaire que les Premi\u00e8res nations collectent leurs propres donn\u00e9es\u00a0\u00bb, a d\u00e9clar\u00e9 vendredi le Dr Myrle Ballard, l&rsquo;un des co-responsables de l&rsquo;initiative COVID-19 Indigenous app.<\/p>\n<p style=\"text-align: center;\"><a class=\"gdlr-core-button gdlr-core-button-shortcode  gdlr-core-button-gradient gdlr-core-button-no-border\" href=\"https:\/\/winnipegsun.com\/news\/news-news\/new-app-gives-indigenous-people-voice-during-covid-19-pandemic\/wcm\/8a2ba09d-e083-4c5b-aa33-6c50f10f36f0\/amp\/\" target=\"_blank\"  style=\"margin-right: 20px;\"  ><span class=\"gdlr-core-content\"  >Read More<\/span><\/a><\/p>\n","protected":false},"excerpt":{"rendered":"<p>13 f\u00e9vrier 2021, Winnipeg Sun Une application cr\u00e9\u00e9e par des chercheurs de l&rsquo;Universit\u00e9 du Manitoba permettra aux membres des communaut\u00e9s [&hellip;]<\/p>\n","protected":false},"author":2,"featured_media":1025,"comment_status":"open","ping_status":"open","sticky":false,"template":"","format":"standard","meta":{"om_disable_all_campaigns":false,"_monsterinsights_skip_tracking":false,"_monsterinsights_sitenote_active":false,"_monsterinsights_sitenote_note":"","_monsterinsights_sitenote_category":0,"footnotes":""},"categories":[],"tags":[],"class_list":["post-1159","post","type-post","status-publish","format-standard","has-post-thumbnail","hentry"],"yoast_head":"<!-- This site is optimized with the Yoast SEO plugin v26.8 - https:\/\/yoast.com\/product\/yoast-seo-wordpress\/ -->\n<title>Une nouvelle application permet aux populations autochtones de s&#039;exprimer pendant la pand\u00e9mie de COVID-19 Auteur de l&#039;article : - Our Data Indigenous<\/title>\n<meta name=\"robots\" content=\"index, follow, max-snippet:-1, max-image-preview:large, max-video-preview:-1\" \/>\n<link rel=\"canonical\" href=\"https:\/\/ourdataindigenous.ca\/fr\/une-nouvelle-application-permet-aux-populations-autochtones-de-sexprimer-pendant-la-pandemie-de-covid-19-auteur-de-larticle\/\" \/>\n<meta property=\"og:locale\" content=\"fr_FR\" \/>\n<meta property=\"og:type\" content=\"article\" \/>\n<meta property=\"og:title\" content=\"Une nouvelle application permet aux populations autochtones de s&#039;exprimer pendant la pand\u00e9mie de COVID-19 Auteur de l&#039;article : - Our Data Indigenous\" \/>\n<meta property=\"og:description\" content=\"13 f\u00e9vrier 2021, Winnipeg Sun Une application cr\u00e9\u00e9e par des chercheurs de l&rsquo;Universit\u00e9 du Manitoba permettra aux membres des communaut\u00e9s [&hellip;]\" \/>\n<meta property=\"og:url\" content=\"https:\/\/ourdataindigenous.ca\/fr\/une-nouvelle-application-permet-aux-populations-autochtones-de-sexprimer-pendant-la-pandemie-de-covid-19-auteur-de-larticle\/\" \/>\n<meta property=\"og:site_name\" content=\"Our Data Indigenous\" \/>\n<meta property=\"article:published_time\" content=\"2021-02-13T18:21:38+00:00\" \/>\n<meta property=\"og:image\" content=\"https:\/\/ourdataindigenous.ca\/wp-content\/uploads\/2021\/12\/ws20210213Myrle-scaled-e1613259974233.webp\" \/>\n\t<meta property=\"og:image:width\" content=\"400\" \/>\n\t<meta property=\"og:image:height\" content=\"300\" \/>\n\t<meta property=\"og:image:type\" content=\"image\/webp\" \/>\n<meta name=\"author\" content=\"kellyjanz\" \/>\n<meta name=\"twitter:card\" content=\"summary_large_image\" \/>\n<meta name=\"twitter:label1\" content=\"\u00c9crit par\" \/>\n\t<meta name=\"twitter:data1\" content=\"kellyjanz\" \/>\n\t<meta name=\"twitter:label2\" content=\"Dur\u00e9e de lecture estim\u00e9e\" \/>\n\t<meta name=\"twitter:data2\" content=\"1 minute\" \/>\n<script type=\"application\/ld+json\" class=\"yoast-schema-graph\">{\"@context\":\"https:\/\/schema.org\",\"@graph\":[{\"@type\":\"Article\",\"@id\":\"https:\/\/ourdataindigenous.ca\/fr\/une-nouvelle-application-permet-aux-populations-autochtones-de-sexprimer-pendant-la-pandemie-de-covid-19-auteur-de-larticle\/#article\",\"isPartOf\":{\"@id\":\"https:\/\/ourdataindigenous.ca\/fr\/une-nouvelle-application-permet-aux-populations-autochtones-de-sexprimer-pendant-la-pandemie-de-covid-19-auteur-de-larticle\/\"},\"author\":{\"name\":\"kellyjanz\",\"@id\":\"https:\/\/ourdataindigenous.ca\/fr\/#\/schema\/person\/e3538dfe4d7950519b6d2fd121a3c8e2\"},\"headline\":\"Une nouvelle application permet aux populations autochtones de s&rsquo;exprimer pendant la pand\u00e9mie de COVID-19 Auteur de l&rsquo;article :\",\"datePublished\":\"2021-02-13T18:21:38+00:00\",\"mainEntityOfPage\":{\"@id\":\"https:\/\/ourdataindigenous.ca\/fr\/une-nouvelle-application-permet-aux-populations-autochtones-de-sexprimer-pendant-la-pandemie-de-covid-19-auteur-de-larticle\/\"},\"wordCount\":237,\"commentCount\":0,\"image\":{\"@id\":\"https:\/\/ourdataindigenous.ca\/fr\/une-nouvelle-application-permet-aux-populations-autochtones-de-sexprimer-pendant-la-pandemie-de-covid-19-auteur-de-larticle\/#primaryimage\"},\"thumbnailUrl\":\"https:\/\/ourdataindigenous.ca\/wp-content\/uploads\/2021\/12\/ws20210213Myrle-scaled-e1613259974233.webp\",\"inLanguage\":\"fr-FR\",\"potentialAction\":[{\"@type\":\"CommentAction\",\"name\":\"Comment\",\"target\":[\"https:\/\/ourdataindigenous.ca\/fr\/une-nouvelle-application-permet-aux-populations-autochtones-de-sexprimer-pendant-la-pandemie-de-covid-19-auteur-de-larticle\/#respond\"]}]},{\"@type\":\"WebPage\",\"@id\":\"https:\/\/ourdataindigenous.ca\/fr\/une-nouvelle-application-permet-aux-populations-autochtones-de-sexprimer-pendant-la-pandemie-de-covid-19-auteur-de-larticle\/\",\"url\":\"https:\/\/ourdataindigenous.ca\/fr\/une-nouvelle-application-permet-aux-populations-autochtones-de-sexprimer-pendant-la-pandemie-de-covid-19-auteur-de-larticle\/\",\"name\":\"Une nouvelle application permet aux populations autochtones de s'exprimer pendant la pand\u00e9mie de COVID-19 Auteur de l'article : - Our Data Indigenous\",\"isPartOf\":{\"@id\":\"https:\/\/ourdataindigenous.ca\/fr\/#website\"},\"primaryImageOfPage\":{\"@id\":\"https:\/\/ourdataindigenous.ca\/fr\/une-nouvelle-application-permet-aux-populations-autochtones-de-sexprimer-pendant-la-pandemie-de-covid-19-auteur-de-larticle\/#primaryimage\"},\"image\":{\"@id\":\"https:\/\/ourdataindigenous.ca\/fr\/une-nouvelle-application-permet-aux-populations-autochtones-de-sexprimer-pendant-la-pandemie-de-covid-19-auteur-de-larticle\/#primaryimage\"},\"thumbnailUrl\":\"https:\/\/ourdataindigenous.ca\/wp-content\/uploads\/2021\/12\/ws20210213Myrle-scaled-e1613259974233.webp\",\"datePublished\":\"2021-02-13T18:21:38+00:00\",\"author\":{\"@id\":\"https:\/\/ourdataindigenous.ca\/fr\/#\/schema\/person\/e3538dfe4d7950519b6d2fd121a3c8e2\"},\"breadcrumb\":{\"@id\":\"https:\/\/ourdataindigenous.ca\/fr\/une-nouvelle-application-permet-aux-populations-autochtones-de-sexprimer-pendant-la-pandemie-de-covid-19-auteur-de-larticle\/#breadcrumb\"},\"inLanguage\":\"fr-FR\",\"potentialAction\":[{\"@type\":\"ReadAction\",\"target\":[\"https:\/\/ourdataindigenous.ca\/fr\/une-nouvelle-application-permet-aux-populations-autochtones-de-sexprimer-pendant-la-pandemie-de-covid-19-auteur-de-larticle\/\"]}]},{\"@type\":\"ImageObject\",\"inLanguage\":\"fr-FR\",\"@id\":\"https:\/\/ourdataindigenous.ca\/fr\/une-nouvelle-application-permet-aux-populations-autochtones-de-sexprimer-pendant-la-pandemie-de-covid-19-auteur-de-larticle\/#primaryimage\",\"url\":\"https:\/\/ourdataindigenous.ca\/wp-content\/uploads\/2021\/12\/ws20210213Myrle-scaled-e1613259974233.webp\",\"contentUrl\":\"https:\/\/ourdataindigenous.ca\/wp-content\/uploads\/2021\/12\/ws20210213Myrle-scaled-e1613259974233.webp\",\"width\":400,\"height\":300},{\"@type\":\"BreadcrumbList\",\"@id\":\"https:\/\/ourdataindigenous.ca\/fr\/une-nouvelle-application-permet-aux-populations-autochtones-de-sexprimer-pendant-la-pandemie-de-covid-19-auteur-de-larticle\/#breadcrumb\",\"itemListElement\":[{\"@type\":\"ListItem\",\"position\":1,\"name\":\"Home\",\"item\":\"https:\/\/ourdataindigenous.ca\/fr\/accueil\/\"},{\"@type\":\"ListItem\",\"position\":2,\"name\":\"Une nouvelle application permet aux populations autochtones de s&#8217;exprimer pendant la pand\u00e9mie de COVID-19 Auteur de l&#8217;article :\"}]},{\"@type\":\"WebSite\",\"@id\":\"https:\/\/ourdataindigenous.ca\/fr\/#website\",\"url\":\"https:\/\/ourdataindigenous.ca\/fr\/\",\"name\":\"Our Data Indigenous\",\"description\":\"Data Sovereignty at Your Fingertips\",\"potentialAction\":[{\"@type\":\"SearchAction\",\"target\":{\"@type\":\"EntryPoint\",\"urlTemplate\":\"https:\/\/ourdataindigenous.ca\/fr\/?s={search_term_string}\"},\"query-input\":{\"@type\":\"PropertyValueSpecification\",\"valueRequired\":true,\"valueName\":\"search_term_string\"}}],\"inLanguage\":\"fr-FR\"},{\"@type\":\"Person\",\"@id\":\"https:\/\/ourdataindigenous.ca\/fr\/#\/schema\/person\/e3538dfe4d7950519b6d2fd121a3c8e2\",\"name\":\"kellyjanz\",\"image\":{\"@type\":\"ImageObject\",\"inLanguage\":\"fr-FR\",\"@id\":\"https:\/\/ourdataindigenous.ca\/fr\/#\/schema\/person\/image\/\",\"url\":\"https:\/\/secure.gravatar.com\/avatar\/02823cf75257ce8682d485bcbf533bb2ed3c4a25e8855104094b57b21757dd0c?s=96&d=mm&r=g\",\"contentUrl\":\"https:\/\/secure.gravatar.com\/avatar\/02823cf75257ce8682d485bcbf533bb2ed3c4a25e8855104094b57b21757dd0c?s=96&d=mm&r=g\",\"caption\":\"kellyjanz\"},\"url\":\"https:\/\/ourdataindigenous.ca\/fr\/author\/kellyjanz\/\"}]}<\/script>\n<!-- \/ Yoast SEO plugin. -->","yoast_head_json":{"title":"Une nouvelle application permet aux populations autochtones de s'exprimer pendant la pand\u00e9mie de COVID-19 Auteur de l'article : - Our Data Indigenous","robots":{"index":"index","follow":"follow","max-snippet":"max-snippet:-1","max-image-preview":"max-image-preview:large","max-video-preview":"max-video-preview:-1"},"canonical":"https:\/\/ourdataindigenous.ca\/fr\/une-nouvelle-application-permet-aux-populations-autochtones-de-sexprimer-pendant-la-pandemie-de-covid-19-auteur-de-larticle\/","og_locale":"fr_FR","og_type":"article","og_title":"Une nouvelle application permet aux populations autochtones de s'exprimer pendant la pand\u00e9mie de COVID-19 Auteur de l'article : - Our Data Indigenous","og_description":"13 f\u00e9vrier 2021, Winnipeg Sun Une application cr\u00e9\u00e9e par des chercheurs de l&rsquo;Universit\u00e9 du Manitoba permettra aux membres des communaut\u00e9s [&hellip;]","og_url":"https:\/\/ourdataindigenous.ca\/fr\/une-nouvelle-application-permet-aux-populations-autochtones-de-sexprimer-pendant-la-pandemie-de-covid-19-auteur-de-larticle\/","og_site_name":"Our Data Indigenous","article_published_time":"2021-02-13T18:21:38+00:00","og_image":[{"width":400,"height":300,"url":"https:\/\/ourdataindigenous.ca\/wp-content\/uploads\/2021\/12\/ws20210213Myrle-scaled-e1613259974233.webp","type":"image\/webp"}],"author":"kellyjanz","twitter_card":"summary_large_image","twitter_misc":{"\u00c9crit par":"kellyjanz","Dur\u00e9e de lecture estim\u00e9e":"1 minute"},"schema":{"@context":"https:\/\/schema.org","@graph":[{"@type":"Article","@id":"https:\/\/ourdataindigenous.ca\/fr\/une-nouvelle-application-permet-aux-populations-autochtones-de-sexprimer-pendant-la-pandemie-de-covid-19-auteur-de-larticle\/#article","isPartOf":{"@id":"https:\/\/ourdataindigenous.ca\/fr\/une-nouvelle-application-permet-aux-populations-autochtones-de-sexprimer-pendant-la-pandemie-de-covid-19-auteur-de-larticle\/"},"author":{"name":"kellyjanz","@id":"https:\/\/ourdataindigenous.ca\/fr\/#\/schema\/person\/e3538dfe4d7950519b6d2fd121a3c8e2"},"headline":"Une nouvelle application permet aux populations autochtones de s&rsquo;exprimer pendant la pand\u00e9mie de COVID-19 Auteur de l&rsquo;article :","datePublished":"2021-02-13T18:21:38+00:00","mainEntityOfPage":{"@id":"https:\/\/ourdataindigenous.ca\/fr\/une-nouvelle-application-permet-aux-populations-autochtones-de-sexprimer-pendant-la-pandemie-de-covid-19-auteur-de-larticle\/"},"wordCount":237,"commentCount":0,"image":{"@id":"https:\/\/ourdataindigenous.ca\/fr\/une-nouvelle-application-permet-aux-populations-autochtones-de-sexprimer-pendant-la-pandemie-de-covid-19-auteur-de-larticle\/#primaryimage"},"thumbnailUrl":"https:\/\/ourdataindigenous.ca\/wp-content\/uploads\/2021\/12\/ws20210213Myrle-scaled-e1613259974233.webp","inLanguage":"fr-FR","potentialAction":[{"@type":"CommentAction","name":"Comment","target":["https:\/\/ourdataindigenous.ca\/fr\/une-nouvelle-application-permet-aux-populations-autochtones-de-sexprimer-pendant-la-pandemie-de-covid-19-auteur-de-larticle\/#respond"]}]},{"@type":"WebPage","@id":"https:\/\/ourdataindigenous.ca\/fr\/une-nouvelle-application-permet-aux-populations-autochtones-de-sexprimer-pendant-la-pandemie-de-covid-19-auteur-de-larticle\/","url":"https:\/\/ourdataindigenous.ca\/fr\/une-nouvelle-application-permet-aux-populations-autochtones-de-sexprimer-pendant-la-pandemie-de-covid-19-auteur-de-larticle\/","name":"Une nouvelle application permet aux populations autochtones de s'exprimer pendant la pand\u00e9mie de COVID-19 Auteur de l'article : - Our Data Indigenous","isPartOf":{"@id":"https:\/\/ourdataindigenous.ca\/fr\/#website"},"primaryImageOfPage":{"@id":"https:\/\/ourdataindigenous.ca\/fr\/une-nouvelle-application-permet-aux-populations-autochtones-de-sexprimer-pendant-la-pandemie-de-covid-19-auteur-de-larticle\/#primaryimage"},"image":{"@id":"https:\/\/ourdataindigenous.ca\/fr\/une-nouvelle-application-permet-aux-populations-autochtones-de-sexprimer-pendant-la-pandemie-de-covid-19-auteur-de-larticle\/#primaryimage"},"thumbnailUrl":"https:\/\/ourdataindigenous.ca\/wp-content\/uploads\/2021\/12\/ws20210213Myrle-scaled-e1613259974233.webp","datePublished":"2021-02-13T18:21:38+00:00","author":{"@id":"https:\/\/ourdataindigenous.ca\/fr\/#\/schema\/person\/e3538dfe4d7950519b6d2fd121a3c8e2"},"breadcrumb":{"@id":"https:\/\/ourdataindigenous.ca\/fr\/une-nouvelle-application-permet-aux-populations-autochtones-de-sexprimer-pendant-la-pandemie-de-covid-19-auteur-de-larticle\/#breadcrumb"},"inLanguage":"fr-FR","potentialAction":[{"@type":"ReadAction","target":["https:\/\/ourdataindigenous.ca\/fr\/une-nouvelle-application-permet-aux-populations-autochtones-de-sexprimer-pendant-la-pandemie-de-covid-19-auteur-de-larticle\/"]}]},{"@type":"ImageObject","inLanguage":"fr-FR","@id":"https:\/\/ourdataindigenous.ca\/fr\/une-nouvelle-application-permet-aux-populations-autochtones-de-sexprimer-pendant-la-pandemie-de-covid-19-auteur-de-larticle\/#primaryimage","url":"https:\/\/ourdataindigenous.ca\/wp-content\/uploads\/2021\/12\/ws20210213Myrle-scaled-e1613259974233.webp","contentUrl":"https:\/\/ourdataindigenous.ca\/wp-content\/uploads\/2021\/12\/ws20210213Myrle-scaled-e1613259974233.webp","width":400,"height":300},{"@type":"BreadcrumbList","@id":"https:\/\/ourdataindigenous.ca\/fr\/une-nouvelle-application-permet-aux-populations-autochtones-de-sexprimer-pendant-la-pandemie-de-covid-19-auteur-de-larticle\/#breadcrumb","itemListElement":[{"@type":"ListItem","position":1,"name":"Home","item":"https:\/\/ourdataindigenous.ca\/fr\/accueil\/"},{"@type":"ListItem","position":2,"name":"Une nouvelle application permet aux populations autochtones de s&#8217;exprimer pendant la pand\u00e9mie de COVID-19 Auteur de l&#8217;article :"}]},{"@type":"WebSite","@id":"https:\/\/ourdataindigenous.ca\/fr\/#website","url":"https:\/\/ourdataindigenous.ca\/fr\/","name":"Our Data Indigenous","description":"Data Sovereignty at Your Fingertips","potentialAction":[{"@type":"SearchAction","target":{"@type":"EntryPoint","urlTemplate":"https:\/\/ourdataindigenous.ca\/fr\/?s={search_term_string}"},"query-input":{"@type":"PropertyValueSpecification","valueRequired":true,"valueName":"search_term_string"}}],"inLanguage":"fr-FR"},{"@type":"Person","@id":"https:\/\/ourdataindigenous.ca\/fr\/#\/schema\/person\/e3538dfe4d7950519b6d2fd121a3c8e2","name":"kellyjanz","image":{"@type":"ImageObject","inLanguage":"fr-FR","@id":"https:\/\/ourdataindigenous.ca\/fr\/#\/schema\/person\/image\/","url":"https:\/\/secure.gravatar.com\/avatar\/02823cf75257ce8682d485bcbf533bb2ed3c4a25e8855104094b57b21757dd0c?s=96&d=mm&r=g","contentUrl":"https:\/\/secure.gravatar.com\/avatar\/02823cf75257ce8682d485bcbf533bb2ed3c4a25e8855104094b57b21757dd0c?s=96&d=mm&r=g","caption":"kellyjanz"},"url":"https:\/\/ourdataindigenous.ca\/fr\/author\/kellyjanz\/"}]}},"_links":{"self":[{"href":"https:\/\/ourdataindigenous.ca\/fr\/wp-json\/wp\/v2\/posts\/1159","targetHints":{"allow":["GET"]}}],"collection":[{"href":"https:\/\/ourdataindigenous.ca\/fr\/wp-json\/wp\/v2\/posts"}],"about":[{"href":"https:\/\/ourdataindigenous.ca\/fr\/wp-json\/wp\/v2\/types\/post"}],"author":[{"embeddable":true,"href":"https:\/\/ourdataindigenous.ca\/fr\/wp-json\/wp\/v2\/users\/2"}],"replies":[{"embeddable":true,"href":"https:\/\/ourdataindigenous.ca\/fr\/wp-json\/wp\/v2\/comments?post=1159"}],"version-history":[{"count":0,"href":"https:\/\/ourdataindigenous.ca\/fr\/wp-json\/wp\/v2\/posts\/1159\/revisions"}],"wp:featuredmedia":[{"embeddable":true,"href":"https:\/\/ourdataindigenous.ca\/fr\/wp-json\/wp\/v2\/media\/1025"}],"wp:attachment":[{"href":"https:\/\/ourdataindigenous.ca\/fr\/wp-json\/wp\/v2\/media?parent=1159"}],"wp:term":[{"taxonomy":"category","embeddable":true,"href":"https:\/\/ourdataindigenous.ca\/fr\/wp-json\/wp\/v2\/categories?post=1159"},{"taxonomy":"post_tag","embeddable":true,"href":"https:\/\/ourdataindigenous.ca\/fr\/wp-json\/wp\/v2\/tags?post=1159"}],"curies":[{"name":"wp","href":"https:\/\/api.w.org\/{rel}","templated":true}]}}