{"id":1158,"date":"2021-02-19T18:47:10","date_gmt":"2021-02-19T18:47:10","guid":{"rendered":"https:\/\/ourdataindigenous.ca\/lancement-de-lapplication-covid-pour-les-autochtones\/"},"modified":"2021-02-19T18:47:10","modified_gmt":"2021-02-19T18:47:10","slug":"lancement-de-lapplication-covid-pour-les-autochtones","status":"publish","type":"post","link":"https:\/\/ourdataindigenous.ca\/fr\/lancement-de-lapplication-covid-pour-les-autochtones\/","title":{"rendered":"Lancement de l&rsquo;application COVID pour les autochtones"},"content":{"rendered":"<p>          <em>19 f\u00e9vrier 2021, Canstar Community News, une partie du Winnipeg Free Press<\/em><\/p>\n<hr>\n<h5 class=\"BodyCopy-Indented\">Des chercheurs de l&rsquo;Universit\u00e9 du Manitoba ont r\u00e9cemment lanc\u00e9 une application con\u00e7ue pour aider les communaut\u00e9s autochtones du monde entier \u00e0 prendre en charge leur sant\u00e9 et leur bien-\u00eatre pendant la pand\u00e9mie.<\/h5>\n<p class=\"BodyCopy-Indented\">L&rsquo;application indig\u00e8ne COVID-19 est con\u00e7ue pour s&rsquo;adapter facilement aux divers besoins et priorit\u00e9s des communaut\u00e9s individuelles tout en adh\u00e9rant aux principes de la souverainet\u00e9 des donn\u00e9es et de la propri\u00e9t\u00e9, du contr\u00f4le, de l&rsquo;acc\u00e8s et de la possession des informations par les communaut\u00e9s, selon un communiqu\u00e9 de presse. Personne en dehors d&rsquo;une communaut\u00e9 donn\u00e9e n&rsquo;aura acc\u00e8s aux donn\u00e9es sans leur autorisation expresse.<\/p>\n<p class=\"BodyCopy-Indented\">\u00ab\u00a0Nous savons qu&rsquo;une solution unique ne fonctionne pas pour les communaut\u00e9s autochtones\u00a0\u00bb, a d\u00e9clar\u00e9 Myrle Ballard, chercheur \u00e0 l&rsquo;universit\u00e9 du Manitoba et membre de la Premi\u00e8re nation du lac Saint-Martin (Manitoba). Ballard est l&rsquo;un des co-responsables de l&rsquo;initiative COVID-19 Indigenous app.<\/p>\n<p class=\"BodyCopy-Indented\">Les applications web et mobiles ont \u00e9t\u00e9 con\u00e7ues pour maximiser le contr\u00f4le de la communaut\u00e9 \u00e0 chaque phase du processus afin que les agents de sant\u00e9 locaux puissent d\u00e9cider quelles sont les questions importantes \u00e0 poser.<\/p>\n<p class=\"BodyCopy-Indented\">Les informations recueillies gr\u00e2ce aux questionnaires de l&rsquo;application COVID-19 Indigenous aideront les directeurs et responsables locaux de la sant\u00e9 \u00e0 mettre en place des programmes efficaces pour leurs communaut\u00e9s, y compris des programmes de vaccination COVID-19 s&rsquo;ils le souhaitent.<\/p>\n<p style=\"text-align: center;\">\n            <a class=\"gdlr-core-button gdlr-core-button-shortcode  gdlr-core-button-gradient gdlr-core-button-no-border\" href=\"https:\/\/www.winnipegfreepress.com\/our-communities\/souwester\/News-briefs-573831741.html\" target=\"_blank\"  style=\"margin-right: 20px;\"  ><span class=\"gdlr-core-content\"  >Read More<\/span><\/a>\n          <\/p>\n","protected":false},"excerpt":{"rendered":"<p>19 f\u00e9vrier 2021, Canstar Community News, une partie du Winnipeg Free Press Des chercheurs de l&rsquo;Universit\u00e9 du Manitoba ont r\u00e9cemment [&hellip;]<\/p>\n","protected":false},"author":2,"featured_media":1024,"comment_status":"open","ping_status":"open","sticky":false,"template":"","format":"standard","meta":{"om_disable_all_campaigns":false,"_monsterinsights_skip_tracking":false,"_monsterinsights_sitenote_active":false,"_monsterinsights_sitenote_note":"","_monsterinsights_sitenote_category":0,"footnotes":""},"categories":[25],"tags":[],"class_list":["post-1158","post","type-post","status-publish","format-standard","has-post-thumbnail","hentry","category-dans-les-medias-fr"],"yoast_head":"<!-- This site is optimized with the Yoast SEO plugin v26.8 - https:\/\/yoast.com\/product\/yoast-seo-wordpress\/ -->\n<title>Lancement de l&#039;application COVID pour les autochtones - Our Data Indigenous<\/title>\n<meta name=\"robots\" content=\"index, follow, max-snippet:-1, max-image-preview:large, max-video-preview:-1\" \/>\n<link rel=\"canonical\" href=\"https:\/\/ourdataindigenous.ca\/fr\/lancement-de-lapplication-covid-pour-les-autochtones\/\" \/>\n<meta property=\"og:locale\" content=\"fr_FR\" \/>\n<meta property=\"og:type\" content=\"article\" \/>\n<meta property=\"og:title\" content=\"Lancement de l&#039;application COVID pour les autochtones - Our Data Indigenous\" \/>\n<meta property=\"og:description\" content=\"19 f\u00e9vrier 2021, Canstar Community News, une partie du Winnipeg Free Press Des chercheurs de l&rsquo;Universit\u00e9 du Manitoba ont r\u00e9cemment [&hellip;]\" \/>\n<meta property=\"og:url\" content=\"https:\/\/ourdataindigenous.ca\/fr\/lancement-de-lapplication-covid-pour-les-autochtones\/\" \/>\n<meta property=\"og:site_name\" content=\"Our Data Indigenous\" \/>\n<meta property=\"article:published_time\" content=\"2021-02-19T18:47:10+00:00\" \/>\n<meta property=\"og:image\" content=\"https:\/\/ourdataindigenous.ca\/wp-content\/uploads\/2021\/02\/Winnipeg-Free-Press-logo.jpg\" \/>\n\t<meta property=\"og:image:width\" content=\"600\" \/>\n\t<meta property=\"og:image:height\" content=\"263\" \/>\n\t<meta property=\"og:image:type\" content=\"image\/jpeg\" \/>\n<meta name=\"author\" content=\"kellyjanz\" \/>\n<meta name=\"twitter:card\" content=\"summary_large_image\" \/>\n<meta name=\"twitter:label1\" content=\"\u00c9crit par\" \/>\n\t<meta name=\"twitter:data1\" content=\"kellyjanz\" \/>\n\t<meta name=\"twitter:label2\" content=\"Dur\u00e9e de lecture estim\u00e9e\" \/>\n\t<meta name=\"twitter:data2\" content=\"1 minute\" \/>\n<script type=\"application\/ld+json\" class=\"yoast-schema-graph\">{\"@context\":\"https:\/\/schema.org\",\"@graph\":[{\"@type\":\"Article\",\"@id\":\"https:\/\/ourdataindigenous.ca\/fr\/lancement-de-lapplication-covid-pour-les-autochtones\/#article\",\"isPartOf\":{\"@id\":\"https:\/\/ourdataindigenous.ca\/fr\/lancement-de-lapplication-covid-pour-les-autochtones\/\"},\"author\":{\"name\":\"kellyjanz\",\"@id\":\"https:\/\/ourdataindigenous.ca\/fr\/#\/schema\/person\/e3538dfe4d7950519b6d2fd121a3c8e2\"},\"headline\":\"Lancement de l&rsquo;application COVID pour les autochtones\",\"datePublished\":\"2021-02-19T18:47:10+00:00\",\"mainEntityOfPage\":{\"@id\":\"https:\/\/ourdataindigenous.ca\/fr\/lancement-de-lapplication-covid-pour-les-autochtones\/\"},\"wordCount\":281,\"commentCount\":0,\"image\":{\"@id\":\"https:\/\/ourdataindigenous.ca\/fr\/lancement-de-lapplication-covid-pour-les-autochtones\/#primaryimage\"},\"thumbnailUrl\":\"https:\/\/ourdataindigenous.ca\/wp-content\/uploads\/2021\/02\/Winnipeg-Free-Press-logo.jpg\",\"articleSection\":[\"Dans les m\u00e9dias\"],\"inLanguage\":\"fr-FR\",\"potentialAction\":[{\"@type\":\"CommentAction\",\"name\":\"Comment\",\"target\":[\"https:\/\/ourdataindigenous.ca\/fr\/lancement-de-lapplication-covid-pour-les-autochtones\/#respond\"]}]},{\"@type\":\"WebPage\",\"@id\":\"https:\/\/ourdataindigenous.ca\/fr\/lancement-de-lapplication-covid-pour-les-autochtones\/\",\"url\":\"https:\/\/ourdataindigenous.ca\/fr\/lancement-de-lapplication-covid-pour-les-autochtones\/\",\"name\":\"Lancement de l'application COVID pour les autochtones - Our Data Indigenous\",\"isPartOf\":{\"@id\":\"https:\/\/ourdataindigenous.ca\/fr\/#website\"},\"primaryImageOfPage\":{\"@id\":\"https:\/\/ourdataindigenous.ca\/fr\/lancement-de-lapplication-covid-pour-les-autochtones\/#primaryimage\"},\"image\":{\"@id\":\"https:\/\/ourdataindigenous.ca\/fr\/lancement-de-lapplication-covid-pour-les-autochtones\/#primaryimage\"},\"thumbnailUrl\":\"https:\/\/ourdataindigenous.ca\/wp-content\/uploads\/2021\/02\/Winnipeg-Free-Press-logo.jpg\",\"datePublished\":\"2021-02-19T18:47:10+00:00\",\"author\":{\"@id\":\"https:\/\/ourdataindigenous.ca\/fr\/#\/schema\/person\/e3538dfe4d7950519b6d2fd121a3c8e2\"},\"breadcrumb\":{\"@id\":\"https:\/\/ourdataindigenous.ca\/fr\/lancement-de-lapplication-covid-pour-les-autochtones\/#breadcrumb\"},\"inLanguage\":\"fr-FR\",\"potentialAction\":[{\"@type\":\"ReadAction\",\"target\":[\"https:\/\/ourdataindigenous.ca\/fr\/lancement-de-lapplication-covid-pour-les-autochtones\/\"]}]},{\"@type\":\"ImageObject\",\"inLanguage\":\"fr-FR\",\"@id\":\"https:\/\/ourdataindigenous.ca\/fr\/lancement-de-lapplication-covid-pour-les-autochtones\/#primaryimage\",\"url\":\"https:\/\/ourdataindigenous.ca\/wp-content\/uploads\/2021\/02\/Winnipeg-Free-Press-logo.jpg\",\"contentUrl\":\"https:\/\/ourdataindigenous.ca\/wp-content\/uploads\/2021\/02\/Winnipeg-Free-Press-logo.jpg\",\"width\":600,\"height\":263},{\"@type\":\"BreadcrumbList\",\"@id\":\"https:\/\/ourdataindigenous.ca\/fr\/lancement-de-lapplication-covid-pour-les-autochtones\/#breadcrumb\",\"itemListElement\":[{\"@type\":\"ListItem\",\"position\":1,\"name\":\"Home\",\"item\":\"https:\/\/ourdataindigenous.ca\/fr\/accueil\/\"},{\"@type\":\"ListItem\",\"position\":2,\"name\":\"Lancement de l&#8217;application COVID pour les autochtones\"}]},{\"@type\":\"WebSite\",\"@id\":\"https:\/\/ourdataindigenous.ca\/fr\/#website\",\"url\":\"https:\/\/ourdataindigenous.ca\/fr\/\",\"name\":\"Our Data Indigenous\",\"description\":\"Data Sovereignty at Your Fingertips\",\"potentialAction\":[{\"@type\":\"SearchAction\",\"target\":{\"@type\":\"EntryPoint\",\"urlTemplate\":\"https:\/\/ourdataindigenous.ca\/fr\/?s={search_term_string}\"},\"query-input\":{\"@type\":\"PropertyValueSpecification\",\"valueRequired\":true,\"valueName\":\"search_term_string\"}}],\"inLanguage\":\"fr-FR\"},{\"@type\":\"Person\",\"@id\":\"https:\/\/ourdataindigenous.ca\/fr\/#\/schema\/person\/e3538dfe4d7950519b6d2fd121a3c8e2\",\"name\":\"kellyjanz\",\"image\":{\"@type\":\"ImageObject\",\"inLanguage\":\"fr-FR\",\"@id\":\"https:\/\/ourdataindigenous.ca\/fr\/#\/schema\/person\/image\/\",\"url\":\"https:\/\/secure.gravatar.com\/avatar\/02823cf75257ce8682d485bcbf533bb2ed3c4a25e8855104094b57b21757dd0c?s=96&d=mm&r=g\",\"contentUrl\":\"https:\/\/secure.gravatar.com\/avatar\/02823cf75257ce8682d485bcbf533bb2ed3c4a25e8855104094b57b21757dd0c?s=96&d=mm&r=g\",\"caption\":\"kellyjanz\"},\"url\":\"https:\/\/ourdataindigenous.ca\/fr\/author\/kellyjanz\/\"}]}<\/script>\n<!-- \/ Yoast SEO plugin. -->","yoast_head_json":{"title":"Lancement de l'application COVID pour les autochtones - Our Data Indigenous","robots":{"index":"index","follow":"follow","max-snippet":"max-snippet:-1","max-image-preview":"max-image-preview:large","max-video-preview":"max-video-preview:-1"},"canonical":"https:\/\/ourdataindigenous.ca\/fr\/lancement-de-lapplication-covid-pour-les-autochtones\/","og_locale":"fr_FR","og_type":"article","og_title":"Lancement de l'application COVID pour les autochtones - Our Data Indigenous","og_description":"19 f\u00e9vrier 2021, Canstar Community News, une partie du Winnipeg Free Press Des chercheurs de l&rsquo;Universit\u00e9 du Manitoba ont r\u00e9cemment [&hellip;]","og_url":"https:\/\/ourdataindigenous.ca\/fr\/lancement-de-lapplication-covid-pour-les-autochtones\/","og_site_name":"Our Data Indigenous","article_published_time":"2021-02-19T18:47:10+00:00","og_image":[{"width":600,"height":263,"url":"https:\/\/ourdataindigenous.ca\/wp-content\/uploads\/2021\/02\/Winnipeg-Free-Press-logo.jpg","type":"image\/jpeg"}],"author":"kellyjanz","twitter_card":"summary_large_image","twitter_misc":{"\u00c9crit par":"kellyjanz","Dur\u00e9e de lecture estim\u00e9e":"1 minute"},"schema":{"@context":"https:\/\/schema.org","@graph":[{"@type":"Article","@id":"https:\/\/ourdataindigenous.ca\/fr\/lancement-de-lapplication-covid-pour-les-autochtones\/#article","isPartOf":{"@id":"https:\/\/ourdataindigenous.ca\/fr\/lancement-de-lapplication-covid-pour-les-autochtones\/"},"author":{"name":"kellyjanz","@id":"https:\/\/ourdataindigenous.ca\/fr\/#\/schema\/person\/e3538dfe4d7950519b6d2fd121a3c8e2"},"headline":"Lancement de l&rsquo;application COVID pour les autochtones","datePublished":"2021-02-19T18:47:10+00:00","mainEntityOfPage":{"@id":"https:\/\/ourdataindigenous.ca\/fr\/lancement-de-lapplication-covid-pour-les-autochtones\/"},"wordCount":281,"commentCount":0,"image":{"@id":"https:\/\/ourdataindigenous.ca\/fr\/lancement-de-lapplication-covid-pour-les-autochtones\/#primaryimage"},"thumbnailUrl":"https:\/\/ourdataindigenous.ca\/wp-content\/uploads\/2021\/02\/Winnipeg-Free-Press-logo.jpg","articleSection":["Dans les m\u00e9dias"],"inLanguage":"fr-FR","potentialAction":[{"@type":"CommentAction","name":"Comment","target":["https:\/\/ourdataindigenous.ca\/fr\/lancement-de-lapplication-covid-pour-les-autochtones\/#respond"]}]},{"@type":"WebPage","@id":"https:\/\/ourdataindigenous.ca\/fr\/lancement-de-lapplication-covid-pour-les-autochtones\/","url":"https:\/\/ourdataindigenous.ca\/fr\/lancement-de-lapplication-covid-pour-les-autochtones\/","name":"Lancement de l'application COVID pour les autochtones - Our Data Indigenous","isPartOf":{"@id":"https:\/\/ourdataindigenous.ca\/fr\/#website"},"primaryImageOfPage":{"@id":"https:\/\/ourdataindigenous.ca\/fr\/lancement-de-lapplication-covid-pour-les-autochtones\/#primaryimage"},"image":{"@id":"https:\/\/ourdataindigenous.ca\/fr\/lancement-de-lapplication-covid-pour-les-autochtones\/#primaryimage"},"thumbnailUrl":"https:\/\/ourdataindigenous.ca\/wp-content\/uploads\/2021\/02\/Winnipeg-Free-Press-logo.jpg","datePublished":"2021-02-19T18:47:10+00:00","author":{"@id":"https:\/\/ourdataindigenous.ca\/fr\/#\/schema\/person\/e3538dfe4d7950519b6d2fd121a3c8e2"},"breadcrumb":{"@id":"https:\/\/ourdataindigenous.ca\/fr\/lancement-de-lapplication-covid-pour-les-autochtones\/#breadcrumb"},"inLanguage":"fr-FR","potentialAction":[{"@type":"ReadAction","target":["https:\/\/ourdataindigenous.ca\/fr\/lancement-de-lapplication-covid-pour-les-autochtones\/"]}]},{"@type":"ImageObject","inLanguage":"fr-FR","@id":"https:\/\/ourdataindigenous.ca\/fr\/lancement-de-lapplication-covid-pour-les-autochtones\/#primaryimage","url":"https:\/\/ourdataindigenous.ca\/wp-content\/uploads\/2021\/02\/Winnipeg-Free-Press-logo.jpg","contentUrl":"https:\/\/ourdataindigenous.ca\/wp-content\/uploads\/2021\/02\/Winnipeg-Free-Press-logo.jpg","width":600,"height":263},{"@type":"BreadcrumbList","@id":"https:\/\/ourdataindigenous.ca\/fr\/lancement-de-lapplication-covid-pour-les-autochtones\/#breadcrumb","itemListElement":[{"@type":"ListItem","position":1,"name":"Home","item":"https:\/\/ourdataindigenous.ca\/fr\/accueil\/"},{"@type":"ListItem","position":2,"name":"Lancement de l&#8217;application COVID pour les autochtones"}]},{"@type":"WebSite","@id":"https:\/\/ourdataindigenous.ca\/fr\/#website","url":"https:\/\/ourdataindigenous.ca\/fr\/","name":"Our Data Indigenous","description":"Data Sovereignty at Your Fingertips","potentialAction":[{"@type":"SearchAction","target":{"@type":"EntryPoint","urlTemplate":"https:\/\/ourdataindigenous.ca\/fr\/?s={search_term_string}"},"query-input":{"@type":"PropertyValueSpecification","valueRequired":true,"valueName":"search_term_string"}}],"inLanguage":"fr-FR"},{"@type":"Person","@id":"https:\/\/ourdataindigenous.ca\/fr\/#\/schema\/person\/e3538dfe4d7950519b6d2fd121a3c8e2","name":"kellyjanz","image":{"@type":"ImageObject","inLanguage":"fr-FR","@id":"https:\/\/ourdataindigenous.ca\/fr\/#\/schema\/person\/image\/","url":"https:\/\/secure.gravatar.com\/avatar\/02823cf75257ce8682d485bcbf533bb2ed3c4a25e8855104094b57b21757dd0c?s=96&d=mm&r=g","contentUrl":"https:\/\/secure.gravatar.com\/avatar\/02823cf75257ce8682d485bcbf533bb2ed3c4a25e8855104094b57b21757dd0c?s=96&d=mm&r=g","caption":"kellyjanz"},"url":"https:\/\/ourdataindigenous.ca\/fr\/author\/kellyjanz\/"}]}},"_links":{"self":[{"href":"https:\/\/ourdataindigenous.ca\/fr\/wp-json\/wp\/v2\/posts\/1158","targetHints":{"allow":["GET"]}}],"collection":[{"href":"https:\/\/ourdataindigenous.ca\/fr\/wp-json\/wp\/v2\/posts"}],"about":[{"href":"https:\/\/ourdataindigenous.ca\/fr\/wp-json\/wp\/v2\/types\/post"}],"author":[{"embeddable":true,"href":"https:\/\/ourdataindigenous.ca\/fr\/wp-json\/wp\/v2\/users\/2"}],"replies":[{"embeddable":true,"href":"https:\/\/ourdataindigenous.ca\/fr\/wp-json\/wp\/v2\/comments?post=1158"}],"version-history":[{"count":0,"href":"https:\/\/ourdataindigenous.ca\/fr\/wp-json\/wp\/v2\/posts\/1158\/revisions"}],"wp:featuredmedia":[{"embeddable":true,"href":"https:\/\/ourdataindigenous.ca\/fr\/wp-json\/wp\/v2\/media\/1024"}],"wp:attachment":[{"href":"https:\/\/ourdataindigenous.ca\/fr\/wp-json\/wp\/v2\/media?parent=1158"}],"wp:term":[{"taxonomy":"category","embeddable":true,"href":"https:\/\/ourdataindigenous.ca\/fr\/wp-json\/wp\/v2\/categories?post=1158"},{"taxonomy":"post_tag","embeddable":true,"href":"https:\/\/ourdataindigenous.ca\/fr\/wp-json\/wp\/v2\/tags?post=1158"}],"curies":[{"name":"wp","href":"https:\/\/api.w.org\/{rel}","templated":true}]}}